{"id":10776,"date":"2026-02-04T10:23:02","date_gmt":"2026-02-04T13:23:02","guid":{"rendered":"https:\/\/ufpr.br\/seadip\/?p=10776"},"modified":"2026-04-27T13:54:16","modified_gmt":"2026-04-27T16:54:16","slug":"edital-no-03-2026-processo-seletivo-simplificado-para-admissao-no-curso-deespecializacao-em-gestao-escolar-uab-ufpr","status":"publish","type":"post","link":"https:\/\/ufpr.br\/seadip\/edital-no-03-2026-processo-seletivo-simplificado-para-admissao-no-curso-deespecializacao-em-gestao-escolar-uab-ufpr\/","title":{"rendered":"EDITAL N\u00ba 03\/2026 &#8211; PROCESSO SELETIVO SIMPLIFICADO PARA ADMISS\u00c3O NO CURSO DE ESPECIALIZA\u00c7\u00c3O EM GEST\u00c3O ESCOLAR &#8211; UAB\/UFPR"},"content":{"rendered":"\n<p>A Superintend\u00eancia de Educa\u00e7\u00e3o a Dist\u00e2ncia e Inova\u00e7\u00f5es Pedag\u00f3gicas (SEaDIP) da Universidade Federal do Paran\u00e1 (UFPR) e a Coordena\u00e7\u00e3o do Curso de Especializa\u00e7\u00e3o em Gest\u00e3o Escolar, em conformidade com o Edital DED\/CAPES n\u00ba 25\/2023 \u2013 que prev\u00ea a oferta de vagas no \u00e2mbito do Programa Universidade Aberta do Brasil (UAB), sob a coordena\u00e7\u00e3o da Diretoria de Educa\u00e7\u00e3o a Dist\u00e2ncia (DED), da Coordena\u00e7\u00e3o de Aperfei\u00e7oamento de Pessoal de N\u00edvel Superior (CAPES) e do Minist\u00e9rio da Educa\u00e7\u00e3o (MEC), em conformidade com a Portaria CAPES n\u00ba 309, de 27 de setembro de 2024, torna p\u00fablico aos\/\u00e0s interessados\/as o Edital de Processo Seletivo Simplificado para o preenchimento de 150 (cento e cinquenta) vagas para o curso de P\u00f3s-Gradua\u00e7\u00e3o Lato Sensu em Gest\u00e3o Escolar, na modalidade a dist\u00e2ncia, com in\u00edcio previsto para 01 de mar\u00e7o de 2026<\/p>\n\n\n\n<h2 class=\"wp-block-heading\">Documentos para Consulta<\/h2>\n\n\n\n<p><a href=\"http:\/\/ufpr.br\/seadip\/wp-content\/uploads\/2026\/02\/SEI_8541286_Edital_03-1.pdf\" data-type=\"link\" data-id=\"https:\/\/ufpr.br\/seadip\/wp-content\/uploads\/2025\/07\/SEI_7984531_Edital_34_2025.pdf\" target=\"_blank\" rel=\"noreferrer noopener\">EDITAL DE ABERTURA<\/a><\/p>\n\n\n\n<p><a href=\"http:\/\/ufpr.br\/seadip\/wp-content\/uploads\/2026\/02\/SEI_8576509_Edital_03.pdf\" target=\"_blank\" rel=\"noreferrer noopener\">ERRATA DO PROCESSO SELETIVO<\/a><\/p>\n\n\n\n<p><a href=\"http:\/\/ufpr.br\/seadip\/wp-content\/uploads\/2026\/02\/SEI_8602220_Edital_03.pdf\" target=\"_blank\" rel=\"noreferrer noopener\">RESULTADO PRELIMINAR DA 1\u00aa ETAPA &#8211; HOMOLOGA\u00c7\u00c3O DE INSCRI\u00c7\u00d5ES<\/a><\/p>\n\n\n\n<p><a href=\"http:\/\/ufpr.br\/seadip\/wp-content\/uploads\/2026\/02\/SEI-23075.002952_2026-37.pdf\" target=\"_blank\" rel=\"noreferrer noopener\">RESULTADO DEFINITIVO DA 1\u00aa ETAPA &#8211; HOMOLOGA\u00c7\u00c3O DE INSCRI\u00c7\u00d5ES<\/a> <\/p>\n\n\n\n<p><a href=\"http:\/\/ufpr.br\/seadip\/wp-content\/uploads\/2026\/02\/SEI-23075.002952_2026-37-1.pdf\" target=\"_blank\" rel=\"noreferrer noopener\">RESULTADO PRELIMINAR DA 2 \u00aa ETAPA<\/a><\/p>\n\n\n\n<p><a href=\"http:\/\/ufpr.br\/seadip\/wp-content\/uploads\/2026\/02\/SEI-23075.002952_2026-37-2.pdf\" target=\"_blank\" rel=\"noreferrer noopener\">RESULTADO DEFINITIVO DA 2 \u00aa ETAPA<\/a><\/p>\n\n\n\n<p><a href=\"http:\/\/ufpr.br\/seadip\/wp-content\/uploads\/2026\/03\/SEI_8685337_Edital_3.pdf\" target=\"_blank\" rel=\"noreferrer noopener\">PRIMEIRA CHAMADA COMPLEMENTAR <\/a><\/p>\n\n\n\n<p><a href=\"http:\/\/ufpr.br\/seadip\/wp-content\/uploads\/2026\/04\/SEI-23075.002952_2026-37.pdf\" target=\"_blank\" rel=\"noreferrer noopener\">SEGUNDA CHAMADA COMPLEMENTAR<\/a><\/p>\n\n\n\n<p><a href=\"http:\/\/ufpr.br\/seadip\/wp-content\/uploads\/2026\/04\/SEI_8778656_Edital_03.pdf\" target=\"_blank\" rel=\"noreferrer noopener\">TERCEIRA CHAMADA COMPLEMENTAR<\/a><\/p>\n\n\n\n<p><a href=\"http:\/\/ufpr.br\/seadip\/wp-content\/uploads\/2026\/04\/edital-03.pdf\" target=\"_blank\" rel=\"noreferrer noopener\">QUARTA CHAMADA COMPLEMENTAR<\/a><\/p>\n\n\n\n<p><a href=\"http:\/\/ufpr.br\/seadip\/wp-content\/uploads\/2026\/04\/SEI-23075.002952_2026-37-1.pdf\" target=\"_blank\" rel=\"noreferrer noopener\">QUINTA CHAMADA COMPLEMENTAR<\/a><\/p>\n\n\n\n<h2 class=\"wp-block-heading\">Inscri\u00e7\u00f5es<\/h2>\n\n\n\n<p>Inscri\u00e7\u00f5es encerradas, conforme cronograma do Edital 03\/2026.<\/p>\n\n\n\n<h2 class=\"wp-block-heading\">Cronograma<\/h2>\n\n\n\n<figure class=\"wp-block-table alignleft\"><table><thead><tr><th><strong>Per\u00edodo<\/strong><\/th><th><strong>A\u00e7\u00e3o<\/strong><\/th><\/tr><\/thead><tbody><tr><td><strong>03\/02\/2026<\/strong><\/td><td>Divulga\u00e7\u00e3o do edital<\/td><\/tr><tr><td><strong>At\u00e9 18\/02\/2026<\/strong><\/td><td>Per\u00edodo de inscri\u00e7\u00e3o <\/td><\/tr><tr><td><strong>09\/02\/2026<\/strong><\/td><td>Nomea\u00e7\u00e3o da Comiss\u00e3o de Avalia\u00e7\u00e3o<\/td><\/tr><tr><td><strong>20\/02\/2026<\/strong><\/td><td>Publica\u00e7\u00e3o do Resultado Preliminar da 1\u00aa Etapa &#8211; Homologa\u00e7\u00e3o de Candidaturas<\/td><\/tr><tr><td><strong>20 a 22\/02\/2026<\/strong><\/td><td>Prazo para Interposi\u00e7\u00e3o de Recursos ao Resultado Preliminar da 1\u00aa Etapa &#8211; Homologa\u00e7\u00e3o de Candidaturas<\/td><\/tr><tr><td><strong>23\/02\/2026<\/strong><\/td><td>Publica\u00e7\u00e3o do Resultado Definitivo de Homologa\u00e7\u00e3o, ap\u00f3s a Avalia\u00e7\u00e3o de Recursos da 1\u00aa Etapa<\/td><\/tr><tr><td><strong>23 a  25\/02\/2026<\/strong><\/td><td>An\u00e1lise da Carta de Inten\u00e7\u00e3o \u2013 2\u00aa Etapa<\/td><\/tr><tr><td><strong>25\/02\/2026<\/strong><\/td><td>Publica\u00e7\u00e3o do Resultado Preliminar da 2 \u00aa Etapa &#8211; An\u00e1lise da Carta de Inten\u00e7\u00e3o<\/td><\/tr><tr><td><strong>26\/02\/2026<\/strong><\/td><td>Prazo para Interposi\u00e7\u00e3o de Recursos &#8211; Resultado Preliminar da 2\u00aa Etapa &#8211; An\u00e1lise da Carta de Inten\u00e7\u00e3o<\/td><\/tr><tr><td><strong>27\/02\/2026<\/strong><\/td><td>Publica\u00e7\u00e3o do Resultado Definitivo<\/td><\/tr><tr><td><strong>01 a 03\/03\/2026<\/strong><\/td><td>Per\u00edodo de Matr\u00edcula<\/td><\/tr><\/tbody><\/table><\/figure>\n","protected":false},"excerpt":{"rendered":"<p>A Superintend\u00eancia de Educa\u00e7\u00e3o a Dist\u00e2ncia e Inova\u00e7\u00f5es Pedag\u00f3gicas (SEaDIP) da Universidade Federal do Paran\u00e1 (UFPR) e a Coordena\u00e7\u00e3o do Curso de Especializa\u00e7\u00e3o em Gest\u00e3o Escolar, em conformidade com o Edital DED\/CAPES n\u00ba 25\/2023 \u2013 que prev\u00ea a oferta de vagas no \u00e2mbito do Programa Universidade Aberta do Brasil (UAB), sob a coordena\u00e7\u00e3o da Diretoria [&hellip;]<\/p>\n","protected":false},"author":10,"featured_media":0,"comment_status":"open","ping_status":"open","sticky":false,"template":"","format":"standard","meta":{"footnotes":""},"categories":[173,174],"tags":[],"class_list":["post-10776","post","type-post","status-publish","format-standard","hentry","category-editais","category-em-andamento"],"_links":{"self":[{"href":"https:\/\/ufpr.br\/seadip\/wp-json\/wp\/v2\/posts\/10776","targetHints":{"allow":["GET"]}}],"collection":[{"href":"https:\/\/ufpr.br\/seadip\/wp-json\/wp\/v2\/posts"}],"about":[{"href":"https:\/\/ufpr.br\/seadip\/wp-json\/wp\/v2\/types\/post"}],"author":[{"embeddable":true,"href":"https:\/\/ufpr.br\/seadip\/wp-json\/wp\/v2\/users\/10"}],"replies":[{"embeddable":true,"href":"https:\/\/ufpr.br\/seadip\/wp-json\/wp\/v2\/comments?post=10776"}],"version-history":[{"count":17,"href":"https:\/\/ufpr.br\/seadip\/wp-json\/wp\/v2\/posts\/10776\/revisions"}],"predecessor-version":[{"id":11418,"href":"https:\/\/ufpr.br\/seadip\/wp-json\/wp\/v2\/posts\/10776\/revisions\/11418"}],"wp:attachment":[{"href":"https:\/\/ufpr.br\/seadip\/wp-json\/wp\/v2\/media?parent=10776"}],"wp:term":[{"taxonomy":"category","embeddable":true,"href":"https:\/\/ufpr.br\/seadip\/wp-json\/wp\/v2\/categories?post=10776"},{"taxonomy":"post_tag","embeddable":true,"href":"https:\/\/ufpr.br\/seadip\/wp-json\/wp\/v2\/tags?post=10776"}],"curies":[{"name":"wp","href":"https:\/\/api.w.org\/{rel}","templated":true}]}}