{"id":993,"date":"2025-04-17T16:57:50","date_gmt":"2025-04-17T19:57:50","guid":{"rendered":"https:\/\/ufpr.br\/prpi\/?p=993"},"modified":"2025-04-17T16:57:50","modified_gmt":"2025-04-17T19:57:50","slug":"projeto-labex-sobre-transicao-energetica-e-descarbonizacao","status":"publish","type":"post","link":"https:\/\/ufpr.br\/prpi\/blog\/2025\/04\/17\/projeto-labex-sobre-transicao-energetica-e-descarbonizacao\/","title":{"rendered":"Projeto LabEx sobre Transi\u00e7\u00e3o Energ\u00e9tica e Descarboniza\u00e7\u00e3o"},"content":{"rendered":"\n<p>O Tecpar, com apoio da Funda\u00e7\u00e3o Arauc\u00e1ria, est\u00e1 trabalhando na elabora\u00e7\u00e3o de um projeto conceitual para a cria\u00e7\u00e3o de um <strong>Laborat\u00f3rio de Excel\u00eancia em Transi\u00e7\u00e3o Energ\u00e9tica e Descarboniza\u00e7\u00e3o<\/strong>, com o objetivo de assumir posi\u00e7\u00e3o de refer\u00eancia na pesquisa, desenvolvimento, inova\u00e7\u00e3o, certifica\u00e7\u00e3o e treinamento em temas relacionados a ativos energ\u00e9ticos de baixa emiss\u00e3o de carbono (vide texto abaixo). Uma das primeiras necessidades desse projeto \u00e9 a de diagnosticar a infraestrutura existente no Estado em seus principais eixos tem\u00e1ticos. Portanto, o Tecpar est\u00e1 solicitando a aten\u00e7\u00e3o dos interessados ao preenchimento do formul\u00e1rio abaixo, que poder\u00e1 ser estendido a todos os grupos consolidados da institui\u00e7\u00e3o que estejam atuando diretamente no tema. <\/p>\n\n\n\n<p><strong>LINK PARA O FORMUL\u00c1RIO:<\/strong><\/p>\n\n\n\n<p><a href=\"https:\/\/docs.google.com\/forms\/d\/e\/1FAIpQLScmVFhK0wyaAk4caTbvJqJIC2zgt_mlxVTc5hHKRtI8Sfdvmg\/viewform?usp=header\">https:\/\/docs.google.com\/forms\/d\/e\/1FAIpQLScmVFhK0wyaAk4caTbvJqJIC2zgt_mlxVTc5hHKRtI8Sfdvmg\/viewform?usp=header<\/a><\/p>\n\n\n\n<p>O prazo para preenchimento do formul\u00e1rio \u00e9 de 15 (quinze) dias, a partir de 15\/04\/2025.<\/p>\n","protected":false},"excerpt":{"rendered":"<p>O Tecpar, com apoio da Funda\u00e7\u00e3o Arauc\u00e1ria, est\u00e1 trabalhando na elabora\u00e7\u00e3o de um projeto conceitual para a cria\u00e7\u00e3o de um Laborat\u00f3rio de Excel\u00eancia em Transi\u00e7\u00e3o Energ\u00e9tica e Descarboniza\u00e7\u00e3o, com o objetivo de assumir posi\u00e7\u00e3o de refer\u00eancia na pesquisa, desenvolvimento, inova\u00e7\u00e3o, certifica\u00e7\u00e3o e treinamento em temas relacionados a ativos energ\u00e9ticos de baixa emiss\u00e3o de carbono (vide [&hellip;]<\/p>\n","protected":false},"author":11,"featured_media":0,"comment_status":"open","ping_status":"open","sticky":false,"template":"","format":"standard","meta":{"footnotes":""},"categories":[1],"tags":[],"class_list":["post-993","post","type-post","status-publish","format-standard","hentry","category-sem-categoria"],"_links":{"self":[{"href":"https:\/\/ufpr.br\/prpi\/wp-json\/wp\/v2\/posts\/993","targetHints":{"allow":["GET"]}}],"collection":[{"href":"https:\/\/ufpr.br\/prpi\/wp-json\/wp\/v2\/posts"}],"about":[{"href":"https:\/\/ufpr.br\/prpi\/wp-json\/wp\/v2\/types\/post"}],"author":[{"embeddable":true,"href":"https:\/\/ufpr.br\/prpi\/wp-json\/wp\/v2\/users\/11"}],"replies":[{"embeddable":true,"href":"https:\/\/ufpr.br\/prpi\/wp-json\/wp\/v2\/comments?post=993"}],"version-history":[{"count":1,"href":"https:\/\/ufpr.br\/prpi\/wp-json\/wp\/v2\/posts\/993\/revisions"}],"predecessor-version":[{"id":995,"href":"https:\/\/ufpr.br\/prpi\/wp-json\/wp\/v2\/posts\/993\/revisions\/995"}],"wp:attachment":[{"href":"https:\/\/ufpr.br\/prpi\/wp-json\/wp\/v2\/media?parent=993"}],"wp:term":[{"taxonomy":"category","embeddable":true,"href":"https:\/\/ufpr.br\/prpi\/wp-json\/wp\/v2\/categories?post=993"},{"taxonomy":"post_tag","embeddable":true,"href":"https:\/\/ufpr.br\/prpi\/wp-json\/wp\/v2\/tags?post=993"}],"curies":[{"name":"wp","href":"https:\/\/api.w.org\/{rel}","templated":true}]}}