{"id":3271,"date":"2025-10-02T16:57:13","date_gmt":"2025-10-02T19:57:13","guid":{"rendered":"https:\/\/ufpr.br\/prpi\/?p=3271"},"modified":"2025-10-02T16:58:27","modified_gmt":"2025-10-02T19:58:27","slug":"prpi-divulga-o-chamamento-para-captacao-de-patrocinio-destinado-a-realizacao-da-iii-semana-do-empreendedorismo-feminino-da-ufpr","status":"publish","type":"post","link":"https:\/\/ufpr.br\/prpi\/blog\/2025\/10\/02\/prpi-divulga-o-chamamento-para-captacao-de-patrocinio-destinado-a-realizacao-da-iii-semana-do-empreendedorismo-feminino-da-ufpr\/","title":{"rendered":"PRPI divulga o Chamamento para Capta\u00e7\u00e3o de Patroc\u00ednio destinado \u00e0 realiza\u00e7\u00e3o da III Semana do Empreendedorismo Feminino da UFPR"},"content":{"rendered":"\n<div class=\"wp-block-columns has-white-background-color has-background is-layout-flex wp-container-core-columns-is-layout-1 wp-block-columns-is-layout-flex\">\n<div class=\"wp-block-column is-layout-flow wp-block-column-is-layout-flow\">\n<p class=\"has-black-color has-text-color has-link-color wp-elements-dcca129ebaf8aa4ead7981cf0de25b7b\">A Universidade Federal do Paran\u00e1 (UFPR), por meio da Unidade Promotora de Ambientes de Inova\u00e7\u00e3o (UPAI), vinculada ao N\u00facleo de Inova\u00e7\u00e3o Tecnol\u00f3gica (NIT) da Pr\u00f3-Reitoria de Pesquisa e Inova\u00e7\u00e3o (PRPI), torna p\u00fablico o Chamamento para Capta\u00e7\u00e3o de Patroc\u00ednio destinado \u00e0 realiza\u00e7\u00e3o da III Semana do Empreendedorismo Feminino da UFPR.<\/p>\n\n\n\n<p class=\"has-black-color has-text-color has-link-color wp-elements-9d4494841a4ed200fe4b3b49c7d9670d\">O evento acontecer\u00e1 dias 07 e 08 de novembro de 2025, no Centro Polit\u00e9cnico da UFPR, em Curitiba\/PR, e reunir\u00e1 empreendedoras, pesquisadoras, estudantes, profissionais do ecossistema de inova\u00e7\u00e3o e representantes da sociedade para promover debates, oficinas, feiras, networking e palestras sobre o protagonismo feminino no empreendedorismo.<\/p>\n\n\n\n<p class=\"has-black-color has-text-color has-link-color wp-elements-951fbd08477aa0474045d9bb4d801e2c\">O edital busca empresas e institui\u00e7\u00f5es parceiras interessadas em associar sua marca a um evento que valoriza a inova\u00e7\u00e3o, a diversidade, a lideran\u00e7a feminina e a transforma\u00e7\u00e3o social.<\/p>\n\n\n\n<p class=\"has-black-color has-text-color has-link-color wp-elements-c7999cb564e70d8f4380507fb18b8f1e\">A \u00edntegra do EDITAL N\u00ba 22\/2025 \u2013 UPAI\/NIT\/PRPI\/UFPR pode ser acessada no link <span style=\"text-decoration: underline\"><a href=\"https:\/\/ufpr.br\/prpi\/edital-no-22-2025-upai-nit-prpi-chamamento-publico-para-captacao-de-patrocinio-para-a-iii-semana-do-empreendedorismo-feminino-da-ufpr\/\">https:\/\/ufpr.br\/prpi\/edital-no-22-2025-upai-nit-prpi-chamamento-publico-para-captacao-de-patrocinio-para-a-iii-semana-do-empreendedorismo-feminino-da-ufpr\/<\/a>.<\/span><\/p>\n\n\n\n<p class=\"has-black-color has-text-color has-link-color wp-elements-16ed44dd3844262b1ec8da08c56a885a\">Participe como patrocinador e fortale\u00e7a a cultura empreendedora e inovadora no Brasil!<\/p>\n<\/div>\n<\/div>\n","protected":false},"excerpt":{"rendered":"<p>A Universidade Federal do Paran\u00e1 (UFPR), por meio da Unidade Promotora de Ambientes de Inova\u00e7\u00e3o (UPAI), vinculada ao N\u00facleo de Inova\u00e7\u00e3o Tecnol\u00f3gica (NIT) da Pr\u00f3-Reitoria de Pesquisa e Inova\u00e7\u00e3o (PRPI), torna p\u00fablico o Chamamento para Capta\u00e7\u00e3o de Patroc\u00ednio destinado \u00e0 realiza\u00e7\u00e3o da III Semana do Empreendedorismo Feminino da UFPR. O evento acontecer\u00e1 dias 07 e [&hellip;]<\/p>\n","protected":false},"author":11,"featured_media":0,"comment_status":"open","ping_status":"open","sticky":false,"template":"","format":"standard","meta":{"footnotes":""},"categories":[1],"tags":[],"class_list":["post-3271","post","type-post","status-publish","format-standard","hentry","category-sem-categoria"],"_links":{"self":[{"href":"https:\/\/ufpr.br\/prpi\/wp-json\/wp\/v2\/posts\/3271","targetHints":{"allow":["GET"]}}],"collection":[{"href":"https:\/\/ufpr.br\/prpi\/wp-json\/wp\/v2\/posts"}],"about":[{"href":"https:\/\/ufpr.br\/prpi\/wp-json\/wp\/v2\/types\/post"}],"author":[{"embeddable":true,"href":"https:\/\/ufpr.br\/prpi\/wp-json\/wp\/v2\/users\/11"}],"replies":[{"embeddable":true,"href":"https:\/\/ufpr.br\/prpi\/wp-json\/wp\/v2\/comments?post=3271"}],"version-history":[{"count":4,"href":"https:\/\/ufpr.br\/prpi\/wp-json\/wp\/v2\/posts\/3271\/revisions"}],"predecessor-version":[{"id":3278,"href":"https:\/\/ufpr.br\/prpi\/wp-json\/wp\/v2\/posts\/3271\/revisions\/3278"}],"wp:attachment":[{"href":"https:\/\/ufpr.br\/prpi\/wp-json\/wp\/v2\/media?parent=3271"}],"wp:term":[{"taxonomy":"category","embeddable":true,"href":"https:\/\/ufpr.br\/prpi\/wp-json\/wp\/v2\/categories?post=3271"},{"taxonomy":"post_tag","embeddable":true,"href":"https:\/\/ufpr.br\/prpi\/wp-json\/wp\/v2\/tags?post=3271"}],"curies":[{"name":"wp","href":"https:\/\/api.w.org\/{rel}","templated":true}]}}