{"id":9643,"date":"2020-09-21T11:22:26","date_gmt":"2020-09-21T14:22:26","guid":{"rendered":"https:\/\/ufpr.br\/caminhos-da-pesquisa-em-programas-de-excelencia"},"modified":"2025-12-01T16:18:28","modified_gmt":"2025-12-01T19:18:28","slug":"caminhos-da-pesquisa-em-programas-de-excelencia","status":"publish","type":"post","link":"https:\/\/ufpr.br\/propg\/caminhos-da-pesquisa-em-programas-de-excelencia\/","title":{"rendered":"[Live] Palestra: Caminhos da Pesquisa em Programas de Excel\u00eancia"},"content":{"rendered":"\n<figure class=\"wp-block-image size-large\"><img decoding=\"async\" src=\"https:\/\/ufpr.br\/propg\/wp-content\/uploads\/2024\/12\/caminhos-da-pesquisa-site-prppg-1024x340.jpg\" alt=\"\" class=\"wp-image-5188\"\/><\/figure>\n\n\n\n<p><\/p>\n\n\n\n<h2 class=\"wp-block-heading\">Live&nbsp;<strong>com Prof. Sylvio Canuto &#8211; Pr\u00f3-reitor de Pesquisa &#8211; USP<\/strong><strong>&nbsp;&nbsp;<\/strong><\/h2>\n\n\n\n<p>A CPGSS da UFPR est\u00e1 realizando um conjunto de atividades visando a avalia\u00e7\u00e3o quadrienal da CAPES e nesta oportunidade receberemos o professor Dr. <strong>Sylvio Canuto<\/strong>, professor titular do Instituto de F\u00edsica da Universidade de S\u00e3o Paulo (USP), Pr\u00f3-Reitor de Pesquisa da USP, membro Titular da Academia Brasileira de Ci\u00eancias (ABC) e de diversas outras organiza\u00e7\u00f5es acad\u00eamicas nacionais e internacionais.<\/p>\n\n\n\n<p>Neste evento falaremos sobre pesquisas em programas de excel\u00eancia acad\u00eamica.<br>O Prof. Sylvio Canuto, debater\u00e1 conosco sobre pesquisas de excel\u00eancia, o que as caracteriza, sua experi\u00eancia na USP, e os caminhos da pesquisa no pa\u00eds.<\/p>\n\n\n\n<p>Venha conhecer a concep\u00e7\u00e3o, os pressupostos, os crit\u00e9rios, bem como os poss\u00edveis impactos na avalia\u00e7\u00e3o dos programas p\u00f3s-gradua\u00e7\u00e3o proposta pela Capes.<\/p>\n\n\n\n<p>Durante os eventos da CPGSS, os participantes ter\u00e3o oportunidade de enviar suas d\u00favidas ao palestrante.<\/p>\n\n\n\n<div style=\"height:15px\" aria-hidden=\"true\" class=\"wp-block-spacer\"><\/div>\n\n\n\n<figure class=\"wp-block-image size-large is-resized\"><img decoding=\"async\" src=\"https:\/\/ufpr.br\/propg\/wp-content\/uploads\/2024\/12\/flyer-caminhos-da-pesquisa-1024x1024.jpg\" alt=\"\" class=\"wp-image-5181\" style=\"width:500px\"\/><\/figure>\n\n\n\n<div style=\"height:15px\" aria-hidden=\"true\" class=\"wp-block-spacer\"><\/div>\n\n\n\n<h2 class=\"wp-block-heading\">Agenda<\/h2>\n\n\n\n<p>[Live] Palestra: Caminhos da Pesquisa em Programas de Excel\u00eancia<br>Palestrante:\u00a0<strong>Sylvio Canuto<\/strong>\u00a0\u2013 Pr\u00f3-reitor de Pesquisa \u2013 USP<br>Quando: dia<strong>\u00a022.09.2020, \u00e0s 11:00h\u00a0<\/strong>(ter\u00e7a-feira)<br>Onde:\u00a0<a href=\"http:\/\/www.youtube.com\/CPGSS\" target=\"_blank\" rel=\"noreferrer noopener\">youtube.com\/CPGSS<\/a><br><a href=\"https:\/\/www.youtube.com\/watch?v=ngJGZzdXth8\" target=\"_blank\" rel=\"noreferrer noopener\">Live dispon\u00edvel aqui<\/a><\/p>\n\n\n\n<h2 class=\"wp-block-heading\">Material de apoio<\/h2>\n\n\n\n<ul class=\"wp-block-list\">\n<li><a href=\"https:\/\/ufpr.br\/propg\/wp-content\/uploads\/2024\/12\/ufpr-sylvio_canuto-22set_compressed.pdf\" target=\"_blank\" rel=\"noreferrer noopener\">Apresenta\u00e7\u00e3o Caminhos da Pesquisa<\/a><\/li>\n<\/ul>\n\n\n\n<h2 class=\"wp-block-heading\">Material de divulga\u00e7\u00e3o do evento<\/h2>\n\n\n\n<ul class=\"wp-block-list\">\n<li><a href=\"https:\/\/ufpr.br\/propg\/wp-content\/uploads\/2024\/12\/flyer-caminhos-da-pesquisa.jpg\" target=\"_blank\" rel=\"noreferrer noopener\">Flyer<\/a><\/li>\n\n\n\n<li><a href=\"https:\/\/ufpr.br\/propg\/wp-content\/uploads\/2024\/12\/caminhos-da-pesquisa-tela-live-youtube-agendamento.jpg\" target=\"_blank\" rel=\"noreferrer noopener\">Banner Youtube<\/a><\/li>\n\n\n\n<li><a href=\"https:\/\/ufpr.br\/propg\/wp-content\/uploads\/2024\/12\/caminhos-da-pesquisa-site-prppg.jpg\" target=\"_blank\" rel=\"noreferrer noopener\">Banner site PRPPG<\/a><\/li>\n\n\n\n<li><a href=\"https:\/\/ufpr.br\/eventos\/prppg-convida-professor-e-pro-reitor-da-usp-para-falar-sobre-pesquisa-na-pos-graduacao-em-evento-online-22-de-setembro\/\" target=\"_blank\" rel=\"noreferrer noopener\">Mat\u00e9ria no site da UFPR<\/a><\/li>\n<\/ul>\n\n\n\n<h2 class=\"wp-block-heading\">T\u00edtulo<\/h2>\n\n\n\n<p>Todas as informa\u00e7\u00f5es (incluindo a programa\u00e7\u00e3o para novos eventos, acervo do que j\u00e1 foi realizado e materiais disponibilizados durante as apresenta\u00e7\u00f5es) podem ser consultadas em:<\/p>\n\n\n\n<p><a href=\"https:\/\/ufpr.br\/propg\/cpgss\/planejamento-estrategico\/programacao-eventos\/\">https:\/\/ufpr.br\/propg\/cpgss\/planejamento-estrategico\/programacao-eventos\/<\/a><\/p>\n","protected":false},"excerpt":{"rendered":"<p>Live&nbsp;com Prof. Sylvio Canuto &#8211; Pr\u00f3-reitor de Pesquisa &#8211; USP&nbsp;&nbsp; A CPGSS da UFPR est\u00e1 realizando um conjunto de atividades visando a avalia\u00e7\u00e3o quadrienal da CAPES e nesta oportunidade receberemos o professor Dr. Sylvio Canuto, professor titular do Instituto de F\u00edsica da Universidade de S\u00e3o Paulo (USP), Pr\u00f3-Reitor de Pesquisa da USP, membro Titular da [&hellip;]<\/p>\n","protected":false},"author":16,"featured_media":0,"comment_status":"open","ping_status":"open","sticky":false,"template":"","format":"standard","meta":{"footnotes":""},"categories":[386],"tags":[],"class_list":["post-9643","post","type-post","status-publish","format-standard","hentry","category-mestrado-e-doutorado"],"_links":{"self":[{"href":"https:\/\/ufpr.br\/propg\/wp-json\/wp\/v2\/posts\/9643","targetHints":{"allow":["GET"]}}],"collection":[{"href":"https:\/\/ufpr.br\/propg\/wp-json\/wp\/v2\/posts"}],"about":[{"href":"https:\/\/ufpr.br\/propg\/wp-json\/wp\/v2\/types\/post"}],"author":[{"embeddable":true,"href":"https:\/\/ufpr.br\/propg\/wp-json\/wp\/v2\/users\/16"}],"replies":[{"embeddable":true,"href":"https:\/\/ufpr.br\/propg\/wp-json\/wp\/v2\/comments?post=9643"}],"version-history":[{"count":7,"href":"https:\/\/ufpr.br\/propg\/wp-json\/wp\/v2\/posts\/9643\/revisions"}],"predecessor-version":[{"id":18812,"href":"https:\/\/ufpr.br\/propg\/wp-json\/wp\/v2\/posts\/9643\/revisions\/18812"}],"wp:attachment":[{"href":"https:\/\/ufpr.br\/propg\/wp-json\/wp\/v2\/media?parent=9643"}],"wp:term":[{"taxonomy":"category","embeddable":true,"href":"https:\/\/ufpr.br\/propg\/wp-json\/wp\/v2\/categories?post=9643"},{"taxonomy":"post_tag","embeddable":true,"href":"https:\/\/ufpr.br\/propg\/wp-json\/wp\/v2\/tags?post=9643"}],"curies":[{"name":"wp","href":"https:\/\/api.w.org\/{rel}","templated":true}]}}