{"id":9623,"date":"2020-09-17T09:55:38","date_gmt":"2020-09-17T12:55:38","guid":{"rendered":"https:\/\/ufpr.br\/processo-seletivo-doutorado-ppgebb"},"modified":"2025-12-01T16:19:09","modified_gmt":"2025-12-01T19:19:09","slug":"processo-seletivo-doutorado-ppgebb","status":"publish","type":"post","link":"https:\/\/ufpr.br\/propg\/processo-seletivo-doutorado-ppgebb\/","title":{"rendered":"[Processo Seletivo] Doutorado do Programa de P\u00f3s-gradua\u00e7\u00e3o em Engenharia de Bioprocessos e Biotecnologia"},"content":{"rendered":"\n<h2 class=\"wp-block-heading\">Processo&nbsp;Seletivo&nbsp;&nbsp;de Doutorado&nbsp;&nbsp;do Programa de P\u00f3s-gradua\u00e7\u00e3o em<strong> Engenharia de Bioprocessos e Biotecnologia<\/strong> (PPGEBB): <strong>Edital 06\/2020<\/strong>&nbsp;&#8211;&nbsp;(CAPES-EPIDEMIAS &#8211; Programa Estrat\u00e9gico Emergencial de Preven\u00e7\u00e3o e Combate a Surtos, Endemias, Epidemias e Pandemias).<\/h2>\n\n\n\n<div style=\"height:15px\" aria-hidden=\"true\" class=\"wp-block-spacer\"><\/div>\n\n\n\n<p>Est\u00e1 aberto o\u00a0processo\u00a0seletivo\u00a0para\u00a0 doutorado\u00a0no per\u00edodo de\u00a0<strong>20 a 30 de Setembro de 2020<\/strong><\/p>\n\n\n\n<p>Confira os editais\u00a0e todas as informa\u00e7\u00f5es sobre o\u00a0processo\u00a0seletivo\u00a0na p\u00e1gina do programa:\u00a0<a href=\"http:\/\/www.ppgebb.ufpr.br\/\" target=\"_blank\" rel=\"noreferrer noopener\">http:\/\/www.ppgebb.ufpr.br\/<\/a><\/p>\n\n\n\n<ul class=\"wp-block-list\">\n<li>\u00a0<strong>Informa\u00e7\u00f5es Adicionais\u00a0\u00a0por e-mail:\u00a0 \u00a0<\/strong><a href=\"mailto:secretaria.pb@ufpr.br\" target=\"_blank\" rel=\"noreferrer noopener\">secretaria.pb@ufpr.br<\/a>, aos cuidados de Marta Helena Szadkoski<\/li>\n\n\n\n<li><strong>P\u00e1gina do Programa:<\/strong>\u00a0<a href=\"http:\/\/www.ppgebb.ufpr.br\/\" target=\"_blank\" rel=\"noreferrer noopener\">www.ppgebb.ufpr.br<\/a><\/li>\n\n\n\n<li><strong>Telefone:<\/strong>\u00a0+55 (41) 3361-3695<\/li>\n<\/ul>\n\n\n\n<p>&nbsp;<\/p>\n","protected":false},"excerpt":{"rendered":"<p>Processo&nbsp;Seletivo&nbsp;&nbsp;de Doutorado&nbsp;&nbsp;do Programa de P\u00f3s-gradua\u00e7\u00e3o em Engenharia de Bioprocessos e Biotecnologia (PPGEBB): Edital 06\/2020&nbsp;&#8211;&nbsp;(CAPES-EPIDEMIAS &#8211; Programa Estrat\u00e9gico Emergencial de Preven\u00e7\u00e3o e Combate a Surtos, Endemias, Epidemias e Pandemias). Est\u00e1 aberto o\u00a0processo\u00a0seletivo\u00a0para\u00a0 doutorado\u00a0no per\u00edodo de\u00a020 a 30 de Setembro de 2020 Confira os editais\u00a0e todas as informa\u00e7\u00f5es sobre o\u00a0processo\u00a0seletivo\u00a0na p\u00e1gina do programa:\u00a0http:\/\/www.ppgebb.ufpr.br\/ &nbsp;<\/p>\n","protected":false},"author":18,"featured_media":0,"comment_status":"open","ping_status":"open","sticky":false,"template":"","format":"standard","meta":{"footnotes":""},"categories":[381,386],"tags":[],"class_list":["post-9623","post","type-post","status-publish","format-standard","hentry","category-editais-e-processos-seletivos","category-mestrado-e-doutorado"],"_links":{"self":[{"href":"https:\/\/ufpr.br\/propg\/wp-json\/wp\/v2\/posts\/9623","targetHints":{"allow":["GET"]}}],"collection":[{"href":"https:\/\/ufpr.br\/propg\/wp-json\/wp\/v2\/posts"}],"about":[{"href":"https:\/\/ufpr.br\/propg\/wp-json\/wp\/v2\/types\/post"}],"author":[{"embeddable":true,"href":"https:\/\/ufpr.br\/propg\/wp-json\/wp\/v2\/users\/18"}],"replies":[{"embeddable":true,"href":"https:\/\/ufpr.br\/propg\/wp-json\/wp\/v2\/comments?post=9623"}],"version-history":[{"count":5,"href":"https:\/\/ufpr.br\/propg\/wp-json\/wp\/v2\/posts\/9623\/revisions"}],"predecessor-version":[{"id":18817,"href":"https:\/\/ufpr.br\/propg\/wp-json\/wp\/v2\/posts\/9623\/revisions\/18817"}],"wp:attachment":[{"href":"https:\/\/ufpr.br\/propg\/wp-json\/wp\/v2\/media?parent=9623"}],"wp:term":[{"taxonomy":"category","embeddable":true,"href":"https:\/\/ufpr.br\/propg\/wp-json\/wp\/v2\/categories?post=9623"},{"taxonomy":"post_tag","embeddable":true,"href":"https:\/\/ufpr.br\/propg\/wp-json\/wp\/v2\/tags?post=9623"}],"curies":[{"name":"wp","href":"https:\/\/api.w.org\/{rel}","templated":true}]}}