{"id":9536,"date":"2020-09-19T09:00:41","date_gmt":"2020-09-19T12:00:41","guid":{"rendered":"https:\/\/ufpr.br\/premio-curta-ciencia-2020"},"modified":"2025-12-01T16:18:37","modified_gmt":"2025-12-01T19:18:37","slug":"premio-curta-ciencia-2020","status":"publish","type":"post","link":"https:\/\/ufpr.br\/propg\/premio-curta-ciencia-2020\/","title":{"rendered":"Pr\u00eamio Curta Ci\u00eancia 2020"},"content":{"rendered":"\n<p>Todas informa\u00e7\u00f5es sobre esta edi\u00e7\u00e3o do <strong>Pr\u00eamio Curta Ci\u00eancia<\/strong> est\u00e3o dispon\u00edveis em: <a href=\"https:\/\/ufpr.br\/propg\/cpgss\/premio-excelencia-academica\/premio-curta-ciencia-2020\/\" target=\"_blank\" rel=\"noreferrer noopener\">https:\/\/ufpr.br\/propg\/cpgss\/premio-excelencia-academica\/premio-curta-ciencia-2020\/<\/a><\/p>\n\n\n\n<p>Veja tamb\u00e9m: v\u00eddeo de 15 minutos com a <a href=\"https:\/\/web.microsoftstream.com\/video\/bf0257a1-a9ec-4d2d-9460-26a299cd56e2\" target=\"_blank\" rel=\"noreferrer noopener\">apresenta\u00e7\u00e3o do projeto Curta Ci\u00eancia 2020 ao F\u00f3rum de Coordenadores (necess\u00e1rio login e senha @ufpr)<\/a><\/p>\n\n\n\n<div style=\"height:15px\" aria-hidden=\"true\" class=\"wp-block-spacer\"><\/div>\n\n\n\n<figure class=\"wp-block-image size-large\"><img decoding=\"async\" src=\"https:\/\/ufpr.br\/propg\/wp-content\/uploads\/2024\/12\/curta-ciencia-banner-1024x171.png\" alt=\"\" class=\"wp-image-5009\"\/><\/figure>\n\n\n\n<div style=\"height:15px\" aria-hidden=\"true\" class=\"wp-block-spacer\"><\/div>\n\n\n\n<p>O <strong>CURTA CI\u00caNCIA<\/strong>&nbsp;s\u00e3o v\u00eddeos curtos que d\u00e3o visibilidade aos resultados de estudos do cientista da UFPR, selecionados pelos seus programas de p\u00f3s-gradua\u00e7\u00e3o. A iniciativa \u00e9 uma parceria entre a Pr\u00f3-reitoria de P\u00f3s-Gradua\u00e7\u00e3o (PRPPG), a Superintend\u00eancia de Comunica\u00e7\u00e3o e Marketing (com produ\u00e7\u00e3o da UFPR TV), o Programa de P\u00f3s-gradua\u00e7\u00e3o em Comunica\u00e7\u00e3o e a Ag\u00eancia Escola UFPR. Confira a&nbsp;<a href=\"https:\/\/www.youtube.com\/watch?v=O0BW2peP4uw&amp;list=PLL0F8St54WmRmdFdXGKv8ntN4awFK7y7U\" target=\"_blank\" rel=\"noopener noreferrer\">playlist<\/a> da edi\u00e7\u00e3o passada.<\/p>\n\n\n\n<p><\/p>\n","protected":false},"excerpt":{"rendered":"<p>Todas informa\u00e7\u00f5es sobre esta edi\u00e7\u00e3o do Pr\u00eamio Curta Ci\u00eancia est\u00e3o dispon\u00edveis em: https:\/\/ufpr.br\/propg\/cpgss\/premio-excelencia-academica\/premio-curta-ciencia-2020\/ Veja tamb\u00e9m: v\u00eddeo de 15 minutos com a apresenta\u00e7\u00e3o do projeto Curta Ci\u00eancia 2020 ao F\u00f3rum de Coordenadores (necess\u00e1rio login e senha @ufpr) O CURTA CI\u00caNCIA&nbsp;s\u00e3o v\u00eddeos curtos que d\u00e3o visibilidade aos resultados de estudos do cientista da UFPR, selecionados pelos seus [&hellip;]<\/p>\n","protected":false},"author":18,"featured_media":0,"comment_status":"open","ping_status":"open","sticky":false,"template":"","format":"standard","meta":{"footnotes":""},"categories":[386],"tags":[],"class_list":["post-9536","post","type-post","status-publish","format-standard","hentry","category-mestrado-e-doutorado"],"_links":{"self":[{"href":"https:\/\/ufpr.br\/propg\/wp-json\/wp\/v2\/posts\/9536","targetHints":{"allow":["GET"]}}],"collection":[{"href":"https:\/\/ufpr.br\/propg\/wp-json\/wp\/v2\/posts"}],"about":[{"href":"https:\/\/ufpr.br\/propg\/wp-json\/wp\/v2\/types\/post"}],"author":[{"embeddable":true,"href":"https:\/\/ufpr.br\/propg\/wp-json\/wp\/v2\/users\/18"}],"replies":[{"embeddable":true,"href":"https:\/\/ufpr.br\/propg\/wp-json\/wp\/v2\/comments?post=9536"}],"version-history":[{"count":8,"href":"https:\/\/ufpr.br\/propg\/wp-json\/wp\/v2\/posts\/9536\/revisions"}],"predecessor-version":[{"id":18815,"href":"https:\/\/ufpr.br\/propg\/wp-json\/wp\/v2\/posts\/9536\/revisions\/18815"}],"wp:attachment":[{"href":"https:\/\/ufpr.br\/propg\/wp-json\/wp\/v2\/media?parent=9536"}],"wp:term":[{"taxonomy":"category","embeddable":true,"href":"https:\/\/ufpr.br\/propg\/wp-json\/wp\/v2\/categories?post=9536"},{"taxonomy":"post_tag","embeddable":true,"href":"https:\/\/ufpr.br\/propg\/wp-json\/wp\/v2\/tags?post=9536"}],"curies":[{"name":"wp","href":"https:\/\/api.w.org\/{rel}","templated":true}]}}