{"id":9315,"date":"2020-08-14T14:47:44","date_gmt":"2020-08-14T17:47:44","guid":{"rendered":"https:\/\/ufpr.br\/pes_sites"},"modified":"2025-12-01T16:16:10","modified_gmt":"2025-12-01T19:16:10","slug":"pes_sites","status":"publish","type":"post","link":"https:\/\/ufpr.br\/propg\/pes_sites\/","title":{"rendered":"[Oficina] Sites dos Programas e a nova Avalia\u00e7\u00e3o CAPES"},"content":{"rendered":"\n<figure class=\"wp-block-image size-large\"><img decoding=\"async\" src=\"https:\/\/ufpr.br\/propg\/wp-content\/uploads\/2024\/12\/banner-oficina-site-dos-programas-site-prppg-1024x340.jpg\" alt=\"\" class=\"wp-image-5282\"\/><\/figure>\n\n\n\n<div style=\"height:25px\" aria-hidden=\"true\" class=\"wp-block-spacer\"><\/div>\n\n\n\n<h2 class=\"wp-block-heading\">Oficina: Sites dos Programas e a nova Avalia\u00e7\u00e3o CAPES<\/h2>\n\n\n\n<ul class=\"wp-block-list\">\n<li><strong>Data<\/strong>: 17\/08\/2020 (segunda-feira)<\/li>\n<\/ul>\n\n\n\n<ul class=\"wp-block-list\">\n<li><strong>Hora<\/strong>: 14h00<\/li>\n<\/ul>\n\n\n\n<ul class=\"wp-block-list\">\n<li><strong style=\"color: revert; font-size: revert;\">Local<\/strong><span style=\"color: revert; font-size: revert; font-weight: revert;\">:\u00a0Plataforma Teams<\/span><\/li>\n<\/ul>\n\n\n\n<ul class=\"wp-block-list\">\n<li><strong style=\"color: revert; font-size: revert;\">Apresenta\u00e7\u00e3o<\/strong><span style=\"color: revert; font-size: revert; font-weight: revert;\">: Prof. Rafaela Mantovani &#8211; Coordenadora do SIGA<\/span><\/li>\n<\/ul>\n\n\n\n<ul class=\"wp-block-list\">\n<li><strong style=\"color: revert; font-size: revert;\">P\u00fablico alvo:\u00a0<\/strong><span style=\"color: revert; font-size: revert; font-weight: revert;\">Gestores (coordenadores, vices e secret\u00e1rios dos Programas de P\u00f3s-gradua\u00e7\u00e3o)<\/span><\/li>\n<\/ul>\n\n\n\n<ul class=\"wp-block-list\">\n<li><strong style=\"color: revert; font-size: revert;\">Descri\u00e7\u00e3o<\/strong><span style=\"color: revert; font-size: revert; font-weight: revert;\">: Oficina sobre as funcionalidades dos sites e as necessidades dos PPGs frente \u00e0s demandas da nova avalia\u00e7\u00e3o CAPES<\/span><\/li>\n<\/ul>\n\n\n\n<div style=\"height:25px\" aria-hidden=\"true\" class=\"wp-block-spacer\"><\/div>\n\n\n\n<h2 class=\"wp-block-heading\">Saiba mais<\/h2>\n\n\n\n<p>Para mais informa\u00e7\u00f5es acesse: <a href=\"https:\/\/ufpr.br\/propg\/cpgss\/planejamento-estrategico\/programacao-eventos\/\" target=\"_blank\" rel=\"noreferrer noopener\">https:\/\/ufpr.br\/propg\/cpgss\/planejamento-estrategico\/programacao-eventos\/<\/a><\/p>\n\n\n\n<p>Esse evento faz parte de um conjunto de atividades em desenvolvimento pela CPGSS para nossos Programas de P\u00f3s-gradua\u00e7\u00e3o.<\/p>\n\n\n\n<p>Agradecemos sua participa\u00e7\u00e3o!<\/p>\n\n\n\n<p><\/p>\n","protected":false},"excerpt":{"rendered":"<p>Oficina: Sites dos Programas e a nova Avalia\u00e7\u00e3o CAPES Saiba mais Para mais informa\u00e7\u00f5es acesse: https:\/\/ufpr.br\/propg\/cpgss\/planejamento-estrategico\/programacao-eventos\/ Esse evento faz parte de um conjunto de atividades em desenvolvimento pela CPGSS para nossos Programas de P\u00f3s-gradua\u00e7\u00e3o. Agradecemos sua participa\u00e7\u00e3o!<\/p>\n","protected":false},"author":16,"featured_media":0,"comment_status":"open","ping_status":"open","sticky":false,"template":"","format":"standard","meta":{"footnotes":""},"categories":[386],"tags":[],"class_list":["post-9315","post","type-post","status-publish","format-standard","hentry","category-mestrado-e-doutorado"],"_links":{"self":[{"href":"https:\/\/ufpr.br\/propg\/wp-json\/wp\/v2\/posts\/9315","targetHints":{"allow":["GET"]}}],"collection":[{"href":"https:\/\/ufpr.br\/propg\/wp-json\/wp\/v2\/posts"}],"about":[{"href":"https:\/\/ufpr.br\/propg\/wp-json\/wp\/v2\/types\/post"}],"author":[{"embeddable":true,"href":"https:\/\/ufpr.br\/propg\/wp-json\/wp\/v2\/users\/16"}],"replies":[{"embeddable":true,"href":"https:\/\/ufpr.br\/propg\/wp-json\/wp\/v2\/comments?post=9315"}],"version-history":[{"count":5,"href":"https:\/\/ufpr.br\/propg\/wp-json\/wp\/v2\/posts\/9315\/revisions"}],"predecessor-version":[{"id":18783,"href":"https:\/\/ufpr.br\/propg\/wp-json\/wp\/v2\/posts\/9315\/revisions\/18783"}],"wp:attachment":[{"href":"https:\/\/ufpr.br\/propg\/wp-json\/wp\/v2\/media?parent=9315"}],"wp:term":[{"taxonomy":"category","embeddable":true,"href":"https:\/\/ufpr.br\/propg\/wp-json\/wp\/v2\/categories?post=9315"},{"taxonomy":"post_tag","embeddable":true,"href":"https:\/\/ufpr.br\/propg\/wp-json\/wp\/v2\/tags?post=9315"}],"curies":[{"name":"wp","href":"https:\/\/api.w.org\/{rel}","templated":true}]}}