{"id":9304,"date":"2020-08-14T14:57:47","date_gmt":"2020-08-14T17:57:47","guid":{"rendered":"https:\/\/ufpr.br\/etica-e-integridade-em-pesquisa-2020-2"},"modified":"2025-12-01T16:15:52","modified_gmt":"2025-12-01T19:15:52","slug":"etica-e-integridade-em-pesquisa-2020-2","status":"publish","type":"post","link":"https:\/\/ufpr.br\/propg\/etica-e-integridade-em-pesquisa-2020-2\/","title":{"rendered":"\u00c9TICA EM PESQUISA 2020.2"},"content":{"rendered":"\n<figure class=\"wp-block-table is-style-stripes\"><table class=\"has-fixed-layout\"><tbody><tr><td><strong>Disciplina Transversal<\/strong><\/td><td><strong>\u00c9tica em Pesquisa<\/strong><\/td><\/tr><tr><td><strong>Sigla no SIGA<\/strong><\/td><td>PRPPG-7009<\/td><\/tr><tr><td><strong>Oferta<\/strong><\/td><td>Segundo semestre de 2020<\/td><\/tr><tr><td><strong>Dia da semana<\/strong><\/td><td>Quarta-feira<\/td><\/tr><tr><td><strong>Hor\u00e1rio<\/strong><\/td><td><strong>14 h \u00e0s 18 h<\/strong><\/td><\/tr><tr><td><strong>Local de acesso<\/strong><\/td><td>As aulas devem ser acompanhadas AO VIVO atrav\u00e9s do SIGA.<\/td><\/tr><tr><td><strong>Inscri\u00e7\u00f5es<\/strong><\/td><td><strong>19\/08\/2020 \u00e0 09\/09\/2020<\/strong><br><p><strong>Alunos UFPR:<\/strong> As inscri\u00e7\u00f5es devem ser realizadas via portal do aluno no SIGA<\/p><br><p><strong>Alunos de institui\u00e7\u00f5es parceiras:<\/strong> Vide instru\u00e7\u00f5es aqui<\/p><br><\/td><\/tr><tr><td><strong>In\u00edcio das aulas<\/strong><\/td><td><strong>23\/09\/2020<\/strong><\/td><\/tr><tr><td><strong>Previs\u00e3o de fim das aulas<\/strong><\/td><td><strong>02\/12\/2020<\/strong><\/td><\/tr><tr><td><strong>Total de encontros previstos<\/strong><\/td><td><strong>11<\/strong><\/td><\/tr><tr><td><strong>Carga hor\u00e1ria \/ cr\u00e9ditos<\/strong><\/td><td><strong>45 horas<\/strong> (3 cr\u00e9ditos*)<\/td><\/tr><tr><td><strong>Quantidade de vagas<\/strong><\/td><td><strong>600<\/strong><\/td><\/tr><tr><td><strong>Professor respons\u00e1vel<\/strong><\/td><td>Marcelo M. S. Lima<\/td><\/tr><\/tbody><\/table><\/figure>\n\n\n\n<p><strong>E-mail da Disciplina: contatoeticaempesquisa@gmail.com<\/strong><\/p>\n\n\n\n<div style=\"height:25px\" aria-hidden=\"true\" class=\"wp-block-spacer\"><\/div>\n\n\n\n<h2 class=\"wp-block-heading\">Requisitos:<\/h2>\n\n\n\n<p>Ser docente ou discente vinculado \u00e0 p\u00f3s-gradua\u00e7\u00e3o stricto sensu da UFPR ou de universidades parceiras do Estado do Paran\u00e1.<\/p>\n\n\n\n<p>Consulte nossas parceiras aqui.<\/p>\n\n\n\n<p>&nbsp;<\/p>\n\n\n\n<h2 class=\"wp-block-heading\">Ementa:<\/h2>\n\n\n\n<p>A partir do s\u00e9culo XIX a ci\u00eancia expandiu-se enormemente, tornando-se uma atividade complexa e estabelecendo uma profunda inter-rela\u00e7\u00e3o com a sociedade. Dentre estas camadas de contato podemos destacar a econ\u00f4mica, a jur\u00eddica e a pol\u00edtica que produzem, conjuntamente, uma profunda reverbera\u00e7\u00e3o sobre o fazer cient\u00edfico. Assim, \u00e0s preocupa\u00e7\u00f5es a cerca da qualidade da investiga\u00e7\u00e3o cient\u00edfica, acrescentaram-se a quest\u00f5es mais abrangentes referentes \u00e0s responsabilidades do pesquisador e \u00e0s repercuss\u00f5es sociais de seu trabalho. Portanto, a presente disciplina enfocar\u00e1 nos dilemas \u00e9ticos, valores envolvidos e implica\u00e7\u00f5es dessas escolhas dentro das diferentes nuances da atividade cient\u00edfica. Assim, ser\u00e3o abordados aspectos referentes aos seguintes eixos tem\u00e1ticos: constru\u00e7\u00e3o hist\u00f3rica do pensamento \u00e9tico, influ\u00eancias das m\u00e9tricas sobre as condutas \u00e9ticas, Comit\u00eas de \u00c9tica em Pesquisa, Regulamentac\u0327a\u0303o e aspectos legais, Rela\u00e7\u00f5es econ\u00f4micas dos direitos intelectuais.<\/p>\n\n\n\n<p>Objetivos: Construir uma vis\u00e3o reflexiva sobre os temas sens\u00edveis aos valores morais e \u00e9ticos de uma ci\u00eancia moderna, ampla e respons\u00e1vel perante a sociedade. Em conjunto, espera-se fornecer subs\u00eddios te\u00f3ricos e pr\u00e1ticos a cerca da atua\u00e7\u00e3o do cientista na produ\u00e7\u00e3o, an\u00e1lise e divulga\u00e7\u00e3o de dados.<\/p>\n\n\n\n<p>&nbsp;<\/p>\n\n\n\n<h2 class=\"wp-block-heading\">Bibliografia (sujeita a altera\u00e7\u00f5es):\u00a0<\/h2>\n\n\n\n<ol class=\"wp-block-list\">\n<li><span data-contrast=\"auto\"> KANT, I. Cr\u00edtica da raz\u00e3o pr\u00e1tica. Tradu\u00e7\u00e3o,AntonioCarlos Braga. Cole\u00e7\u00e3o grandes obras do pensamento universal. S\u00e3o Paulo: Editora\u00a0Lafonte, 2018.\u00a0<\/span><span data-ccp-props=\"{&quot;201341983&quot;:0,&quot;335559740&quot;:257}\">\u00a0<\/span><\/li>\n\n\n\n<li><span data-contrast=\"auto\"> Normativas do CONCEA para produ\u00e7\u00e3o, manuten\u00e7\u00e3o ou utiliza\u00e7\u00e3o de animais em atividades de ensino ou pesquisa cient\u00edfica, CONCEA, 2016. 4a. Edi\u00e7\u00e3o. Dispon\u00edvel em:\u00a0<\/span><a href=\"http:\/\/www.mctic.gov.br\/mctic\/export\/sites\/institucional\/institucional\/concea\/arquivos\/publicacoes\/ebook-normativas.pdf\" target=\"_blank\" rel=\"noreferrer noopener\"><span data-contrast=\"none\">http:\/\/www.mctic.gov.br\/mctic\/export\/sites\/institucional\/institucional\/concea\/arquivos\/publicacoes\/ebook-normativas.pdf<\/span><\/a><\/li>\n\n\n\n<li><span data-contrast=\"auto\"> Knight, A. The costs and benefits of animal experimentation. Hampshire: Palgrave-MacMillan, 2011. 254 p.<\/span><\/li>\n\n\n\n<li><span data-contrast=\"auto\"> AZEVEDO, M. A. Origens da bio\u00e9tica. NASCER E CRESCER. Revista do Hospital de Crian\u00e7as Maria Pia, 2010, v XIX, no. 4.<\/span><\/li>\n\n\n\n<li><span data-contrast=\"auto\"> RESOLU\u00c7\u00c3O No 510, DE 07 DE ABRIL DE 2016. Publicada no DOU no 98, ter\u00e7a-feira, 24 de maio de 2016 &#8211; se\u00e7\u00e3o 1, p\u00e1ginas 44, 45, 46.<\/span><\/li>\n\n\n\n<li><span data-contrast=\"auto\"> RESOLU\u00c7\u00c3O No 466, DE 12 DE DEZEMBRO DE 2012. Publicada no DOU no 12 \u2013 quinta-feira, 13 de junho de 2013 \u2013 Se\u00e7\u00e3o 1 \u2013 P\u00e1gina 59<\/span><\/li>\n<\/ol>\n\n\n\n<p>&nbsp;<\/p>\n\n\n\n<h2 class=\"wp-block-heading\">Cronograma:\u00a0<\/h2>\n\n\n\n<figure class=\"wp-block-table is-style-stripes\"><table class=\"has-fixed-layout\"><thead><tr><th>Aula<\/th><th>Data<\/th><th>Assunto<\/th><\/tr><\/thead><tbody><tr><td><strong>1<\/strong><\/td><td>23\/09<\/td><td>Constru\u00e7\u00e3o hist\u00f3rica do pensamento moral e \u00e9tico<\/td><\/tr><tr><td><strong>2<\/strong><\/td><td>30\/09<\/td><td>Direitos autorais, patentes, direitos de imagem e voz<\/td><\/tr><tr><td><strong>3<\/strong><\/td><td>07\/10<\/td><td>Pla\u0301gio e pl\u00e1gio acad\u00eamico<\/td><\/tr><tr><td><strong>4<\/strong><\/td><td>14\/10<\/td><td>A for\u00e7a da inova\u00e7\u00e3o na ci\u00eancia &#8211; desafios \u00e9ticos<\/td><\/tr><tr><td><strong>5<\/strong><\/td><td>21\/10<\/td><td>Aspectos \u00e9ticos na comunica\u00e7\u00e3o e divulga\u00e7\u00e3o cient\u00edfica &#8211; Participa\u00e7\u00e3o Ag\u00eancia Escola UFPR e Ag\u00eancia Bori<\/td><\/tr><tr><td><strong>6<\/strong><\/td><td>28\/10<\/td><td>Regulamentac\u0327a\u0303o, normatividade e casos concretos sobre propriedade intelectual<\/td><\/tr><tr><td><strong>7<\/strong><\/td><td>04\/11<\/td><td>Comite\u0302s de \u00e9tica em pesquisa no uso de animais<\/td><\/tr><tr><td><strong>8<\/strong><\/td><td>11\/11<\/td><td>Aspectos \u00e9ticos da pesquisa envolvendo seres humanos<\/td><\/tr><tr><td><strong>9<\/strong><\/td><td>18\/11<\/td><td>Desafios \u00e9ticos para a ci\u00eancia do s\u00e9culo XXI<\/td><\/tr><tr><td><strong>10<\/strong><\/td><td>25\/11<\/td><td>Respondendo a perguntas dos alunos<\/td><\/tr><tr><td><strong>11<\/strong><\/td><td>02\/12<\/td><td>Avalia\u00e7\u00e3o<\/td><\/tr><\/tbody><\/table><\/figure>\n\n\n\n<p>&nbsp;<\/p>\n\n\n\n<p><strong>* Cr\u00e9ditos da disciplina<\/strong><\/p>\n\n\n\n<p><strong>ATEN\u00c7\u00c3O:<\/strong> O aproveitamento ou equival\u00eancia dos cr\u00e9ditos das disciplinas transversais depender\u00e1 do Colegiado do programa de p\u00f3s-gradua\u00e7\u00e3o a que voc\u00ea est\u00e1 vinculado. N\u00e3o acontece automaticamente. Compete ao Colegiado decidir sobre o aproveitamento de estudos e a equival\u00eancia de cr\u00e9ditos, conforme artigo 18 da Resolu\u00e7\u00e3o 32\/17-CEPE.<\/p>\n\n\n\n<p>As disciplinas transversais poder\u00e3o ser aproveitadas ou equiparadas com disciplinas ofertadas da grade do programa, a crit\u00e9rio do colegiado. N\u00e3o \u00e9 obrigat\u00f3rio que o programa integralize os cr\u00e9ditos cursados, portanto, \u00e9 importante que o discente informe-se com a coordena\u00e7\u00e3o sobre esta possibilidade.<\/p>\n\n\n\n<p>&nbsp;<\/p>\n\n\n\n<p><strong>**Aceite do orientador:<\/strong><\/p>\n\n\n\n<p><strong>ATEN\u00c7\u00c3O &#8211; Alunos UFPR:<\/strong> Para se matricular em uma Disciplina Transversal \u00e9 necess\u00e1rio que seu orientador concorde com sua matr\u00edcula. Ap\u00f3s fazer sua solicita\u00e7\u00e3o de matr\u00edcula via SIGA, entre em contato com seu orientador e pe\u00e7a que o mesmo fa\u00e7a o aceite de sua solicita\u00e7\u00e3o via portal do docente no SIGA. Para um passo a passo de aceite para orientadores acesse aqui.<\/p>\n\n\n\n<p><strong>ATEN\u00c7\u00c3O &#8211; Alunos de institui\u00e7\u00f5es parceiras: <\/strong>Consulte os procedimentos para matr\u00edcula em Disciplinas Transversais diretamente em sua institui\u00e7\u00e3o. Para mais informa\u00e7\u00f5es acesse aqui.<\/p>\n\n\n\n<p>&nbsp;<\/p>\n\n\n\n<p><strong>*** Se necess\u00e1rio a PRPPG poder\u00e1 alterar o cronograma e outras caracter\u00edsticas desta disciplina sem aviso pr\u00e9vio.<\/strong><\/p>\n\n\n\n<p>&nbsp;<\/p>\n\n\n\n<p><\/p>\n","protected":false},"excerpt":{"rendered":"<p>Disciplina Transversal \u00c9tica em Pesquisa Sigla no SIGA PRPPG-7009 Oferta Segundo semestre de 2020 Dia da semana Quarta-feira Hor\u00e1rio 14 h \u00e0s 18 h Local de acesso As aulas devem ser acompanhadas AO VIVO atrav\u00e9s do SIGA. Inscri\u00e7\u00f5es 19\/08\/2020 \u00e0 09\/09\/2020 Alunos UFPR: As inscri\u00e7\u00f5es devem ser realizadas via portal do aluno no SIGA Alunos [&hellip;]<\/p>\n","protected":false},"author":23,"featured_media":0,"comment_status":"open","ping_status":"open","sticky":false,"template":"","format":"standard","meta":{"footnotes":""},"categories":[386],"tags":[],"class_list":["post-9304","post","type-post","status-publish","format-standard","hentry","category-mestrado-e-doutorado"],"_links":{"self":[{"href":"https:\/\/ufpr.br\/propg\/wp-json\/wp\/v2\/posts\/9304","targetHints":{"allow":["GET"]}}],"collection":[{"href":"https:\/\/ufpr.br\/propg\/wp-json\/wp\/v2\/posts"}],"about":[{"href":"https:\/\/ufpr.br\/propg\/wp-json\/wp\/v2\/types\/post"}],"author":[{"embeddable":true,"href":"https:\/\/ufpr.br\/propg\/wp-json\/wp\/v2\/users\/23"}],"replies":[{"embeddable":true,"href":"https:\/\/ufpr.br\/propg\/wp-json\/wp\/v2\/comments?post=9304"}],"version-history":[{"count":6,"href":"https:\/\/ufpr.br\/propg\/wp-json\/wp\/v2\/posts\/9304\/revisions"}],"predecessor-version":[{"id":18779,"href":"https:\/\/ufpr.br\/propg\/wp-json\/wp\/v2\/posts\/9304\/revisions\/18779"}],"wp:attachment":[{"href":"https:\/\/ufpr.br\/propg\/wp-json\/wp\/v2\/media?parent=9304"}],"wp:term":[{"taxonomy":"category","embeddable":true,"href":"https:\/\/ufpr.br\/propg\/wp-json\/wp\/v2\/categories?post=9304"},{"taxonomy":"post_tag","embeddable":true,"href":"https:\/\/ufpr.br\/propg\/wp-json\/wp\/v2\/tags?post=9304"}],"curies":[{"name":"wp","href":"https:\/\/api.w.org\/{rel}","templated":true}]}}