{"id":9205,"date":"2020-08-07T13:13:50","date_gmt":"2020-08-07T16:13:50","guid":{"rendered":"https:\/\/ufpr.br\/processo-seletivo-mestrado-e-doutorado-em-letras-turmas-2021"},"modified":"2025-12-01T16:16:54","modified_gmt":"2025-12-01T19:16:54","slug":"processo-seletivo-mestrado-e-doutorado-em-letras-turmas-2021","status":"publish","type":"post","link":"https:\/\/ufpr.br\/propg\/processo-seletivo-mestrado-e-doutorado-em-letras-turmas-2021\/","title":{"rendered":"[Processo seletivo] Mestrado e Doutorado em Letras (turmas 2021)"},"content":{"rendered":"\n<p>O Programa de P\u00f3s-Gradua\u00e7\u00e3o em Letras torna p\u00fablico o Edital 001\/2020, com a abertura das inscri\u00e7\u00f5es, dos processos e dos procedimentos do certame.<\/p>\n\n\n\n<p>Acesse: <a href=\"https:\/\/www.prppg.ufpr.br\/site\/ppgletras\/pb\/selecao-2020-2021\/\" target=\"_blank\" rel=\"noreferrer noopener\">https:\/\/www.prppg.ufpr.br\/site\/ppgletras\/pb\/selecao-2020-2021\/<\/a><\/p>\n\n\n\n<p>&nbsp;<\/p>\n\n\n<div class=\"wp-block-image\">\n<figure class=\"alignleft size-large\"><img decoding=\"async\" src=\"https:\/\/ufpr.br\/propg\/wp-content\/uploads\/2020\/08\/cartaz-725x1024.png\" alt=\"\" class=\"wp-image-32963\"\/><\/figure><\/div>\n\n\n<p><\/p>\n","protected":false},"excerpt":{"rendered":"<p>O Programa de P\u00f3s-Gradua\u00e7\u00e3o em Letras torna p\u00fablico o Edital 001\/2020, com a abertura das inscri\u00e7\u00f5es, dos processos e dos procedimentos do certame. Acesse: https:\/\/www.prppg.ufpr.br\/site\/ppgletras\/pb\/selecao-2020-2021\/ &nbsp;<\/p>\n","protected":false},"author":18,"featured_media":0,"comment_status":"open","ping_status":"open","sticky":false,"template":"","format":"standard","meta":{"footnotes":""},"categories":[381,386],"tags":[],"class_list":["post-9205","post","type-post","status-publish","format-standard","hentry","category-editais-e-processos-seletivos","category-mestrado-e-doutorado"],"_links":{"self":[{"href":"https:\/\/ufpr.br\/propg\/wp-json\/wp\/v2\/posts\/9205","targetHints":{"allow":["GET"]}}],"collection":[{"href":"https:\/\/ufpr.br\/propg\/wp-json\/wp\/v2\/posts"}],"about":[{"href":"https:\/\/ufpr.br\/propg\/wp-json\/wp\/v2\/types\/post"}],"author":[{"embeddable":true,"href":"https:\/\/ufpr.br\/propg\/wp-json\/wp\/v2\/users\/18"}],"replies":[{"embeddable":true,"href":"https:\/\/ufpr.br\/propg\/wp-json\/wp\/v2\/comments?post=9205"}],"version-history":[{"count":5,"href":"https:\/\/ufpr.br\/propg\/wp-json\/wp\/v2\/posts\/9205\/revisions"}],"predecessor-version":[{"id":18794,"href":"https:\/\/ufpr.br\/propg\/wp-json\/wp\/v2\/posts\/9205\/revisions\/18794"}],"wp:attachment":[{"href":"https:\/\/ufpr.br\/propg\/wp-json\/wp\/v2\/media?parent=9205"}],"wp:term":[{"taxonomy":"category","embeddable":true,"href":"https:\/\/ufpr.br\/propg\/wp-json\/wp\/v2\/categories?post=9205"},{"taxonomy":"post_tag","embeddable":true,"href":"https:\/\/ufpr.br\/propg\/wp-json\/wp\/v2\/tags?post=9205"}],"curies":[{"name":"wp","href":"https:\/\/api.w.org\/{rel}","templated":true}]}}