{"id":9156,"date":"2020-08-06T13:48:32","date_gmt":"2020-08-06T16:48:32","guid":{"rendered":"https:\/\/ufpr.br\/curta_ciencia"},"modified":"2025-12-01T16:17:03","modified_gmt":"2025-12-01T19:17:03","slug":"curta_ciencia","status":"publish","type":"post","link":"https:\/\/ufpr.br\/propg\/curta_ciencia\/","title":{"rendered":"[Oficina Curta Ci\u00eancia] Acompanhe a live: sexta-feira (07\/08) as 09h"},"content":{"rendered":"\n<div class=\"wp-block-columns is-layout-flex wp-container-core-columns-is-layout-9d6595d7 wp-block-columns-is-layout-flex\">\n<div class=\"wp-block-column is-vertically-aligned-top is-layout-flow wp-block-column-is-layout-flow\" style=\"flex-basis:40%\">\n<figure class=\"wp-block-image size-full\"><img decoding=\"async\" src=\"https:\/\/ufpr.br\/propg\/wp-content\/uploads\/2024\/12\/flyer-curta-cincia-06-08-20.jpg\" alt=\"\" class=\"wp-image-5251\"\/><\/figure>\n\n\n\n<p>A oficina ser\u00e1 transmitida pelo canal do YouTube da Coordena\u00e7\u00e3o de P\u00f3s-gradua\u00e7\u00e3o dos Programas Stricto Sensu da UFPR.&nbsp;<strong>Todos ter\u00e3o oportunidade de interagir e tirar suas d\u00favidas.<\/strong><\/p>\n\n\n\n<p>Para acessar o canal da CPGSS,\u00a0<a href=\"https:\/\/www.youtube.com\/channel\/UCfK6WpCuSnnW2p-Cq3kkHXQ\/featured\" target=\"_blank\" rel=\"noreferrer noopener\">clique aqui<\/a>.<\/p>\n<\/div>\n\n\n\n<div class=\"wp-block-column is-layout-flow wp-block-column-is-layout-flow\" style=\"flex-basis:60%\">\n<div class=\"wp-block-columns are-vertically-aligned-top is-not-stacked-on-mobile has-background is-layout-flex wp-container-core-columns-is-layout-9d6595d7 wp-block-columns-is-layout-flex\" style=\"background-color:#f0f0f0\">\n<div class=\"wp-block-column is-vertically-aligned-top is-layout-flow wp-block-column-is-layout-flow\" style=\"flex-basis:30%\"><div class=\"wp-block-image\">\n<figure class=\"aligncenter size-full is-resized\"><a href=\"https:\/\/ufpr.br\/propg\/cpgss\/planejamento-estrategico\/programacao-eventos\/\" target=\"_blank\" rel=\" noreferrer noopener\"><img decoding=\"async\" src=\"https:\/\/ufpr.br\/propg\/wp-content\/uploads\/2020\/07\/flyer-save-the-date-alunos.jpg\" alt=\"\" class=\"wp-image-32781\" style=\"width:120px\"\/><\/a><\/figure><\/div><\/div>\n\n\n\n<div class=\"wp-block-column is-vertically-aligned-top is-layout-flow wp-block-column-is-layout-flow\" style=\"flex-basis:70%\">\n<h2 class=\"wp-block-heading\">Excel\u00eancia na P\u00f3s-Gradua\u00e7\u00e3o<\/h2>\n\n\n\n<p><a href=\"https:\/\/ufpr.br\/propg\/cpgss\/planejamento-estrategico\/programacao-eventos\/\" target=\"_blank\" rel=\"noreferrer noopener\">Acesse a programa\u00e7\u00e3o dos eventos<\/a><\/p>\n<\/div>\n<\/div>\n\n\n\n<p>Em 2019, a UFPR lan\u00e7ou o pr\u00eamio\u00a0<a href=\"https:\/\/www.ufpr.br\/portalufpr\/noticias\/curta-ciencia-conheca-as-pesquisas-de-impacto-da-ufpr\/\" target=\"_blank\" rel=\"noreferrer noopener\">Curta Ci\u00eancia<\/a>, que visa reconhecer a excel\u00eancia dos estudos realizados pelos programas de p\u00f3s-gradua\u00e7\u00e3o em todas as \u00e1reas do conhecimento. Al\u00e9m de reconhecer a excel\u00eancia destas pesquisas, existe necessidade em realizar ampla divulga\u00e7\u00e3o dos resultados e dos principais achados destes estudos para a comunidade n\u00e3o acad\u00eamica.<\/p>\n\n\n\n<p>De fato, a visibilidade sobre as contribui\u00e7\u00f5es dos programas para a sociedade passou a vigorar como um importante item no cen\u00e1rio da avalia\u00e7\u00e3o multidimensional da CAPES e poder\u00e1 impactar nas notas dos programas de p\u00f3s-gradua\u00e7\u00e3o. Desta forma, propiciar formas e meios para que nossos discentes possam se apropriar de meios e formas que permitam a estrutura\u00e7\u00e3o de pequenos v\u00eddeos acess\u00edveis \u00e0 comunidade \u00e9 essencial para a divulga\u00e7\u00e3o de nossa excel\u00eancia, al\u00e9m de permitir que os programas possam ter melhores avalia\u00e7\u00f5es.<\/p>\n\n\n\n<p class=\"has-background\" style=\"background-color:#f0f0f0\">A\u00a0<strong>Ag\u00eancia Escola da UFPR realizar\u00e1, nesta sexta-feira \u00e0s 09:00h (07.08.2020), uma oficina destinada aos discentes, docentes e gestores dos programas,\u00a0<\/strong>a fim de propor um modelo institucional desta a\u00e7\u00e3o visando uniformizar tais procedimentos e permitir uma melhor compreens\u00e3o dos elementos que dever\u00e3o estar presentes nestes materiais.\u00a0<\/p>\n\n\n\n<p>Oportunamente, os materiais produzidos poder\u00e3o ser disponibilizados nas p\u00e1ginas dos programas e em m\u00eddias sociais a fim de incrementar a visibilidade dos nossos programas.<\/p>\n<\/div>\n<\/div>\n\n\n\n<hr class=\"wp-block-separator has-text-color has-cyan-bluish-gray-color has-alpha-channel-opacity has-cyan-bluish-gray-background-color has-background is-style-wide\"\/>\n\n\n\n<div style=\"height:25px\" aria-hidden=\"true\" class=\"wp-block-spacer\"><\/div>\n\n\n\n<div class=\"wp-block-columns is-layout-flex wp-container-core-columns-is-layout-9d6595d7 wp-block-columns-is-layout-flex\">\n<div class=\"wp-block-column is-vertically-aligned-center is-layout-flow wp-block-column-is-layout-flow\">\n<div class=\"wp-block-columns is-not-stacked-on-mobile is-layout-flex wp-container-core-columns-is-layout-9d6595d7 wp-block-columns-is-layout-flex\">\n<div class=\"wp-block-column is-layout-flow wp-block-column-is-layout-flow\" style=\"flex-basis:25%\"><div class=\"wp-block-image\">\n<figure class=\"aligncenter size-full is-resized\"><img decoding=\"async\" src=\"https:\/\/ufpr.br\/propg\/wp-content\/uploads\/2025\/06\/logo-cpgss_250_Azul_Rosa.png\" alt=\"\" class=\"wp-image-7882\" style=\"width:120px\"\/><\/figure><\/div><\/div>\n\n\n\n<div class=\"wp-block-column is-vertically-aligned-center is-layout-flow wp-block-column-is-layout-flow\" style=\"flex-basis:75%\">\n<h2 class=\"wp-block-heading\">CPGSS no Youtube<\/h2>\n\n\n\n<p><a href=\"https:\/\/www.youtube.com\/channel\/UCfK6WpCuSnnW2p-Cq3kkHXQ\/featured\" target=\"_blank\" rel=\"noreferrer noopener\">Acompanhe a p\u00f3s-gradua\u00e7\u00e3o da UFPR<\/a><\/p>\n<\/div>\n<\/div>\n\n\n\n<div class=\"wp-block-columns is-not-stacked-on-mobile is-layout-flex wp-container-core-columns-is-layout-9d6595d7 wp-block-columns-is-layout-flex\">\n<div class=\"wp-block-column is-layout-flow wp-block-column-is-layout-flow\" style=\"flex-basis:25%\"><div class=\"wp-block-image\">\n<figure class=\"aligncenter size-full is-resized\"><img decoding=\"async\" src=\"https:\/\/ufpr.br\/propg\/wp-content\/uploads\/2020\/07\/pes-cone-programacao-3.jpg\" alt=\"\" class=\"wp-image-32763\" style=\"width:120px\"\/><\/figure><\/div><\/div>\n\n\n\n<div class=\"wp-block-column is-vertically-aligned-center is-layout-flow wp-block-column-is-layout-flow\" style=\"flex-basis:75%\">\n<h2 class=\"wp-block-heading\">Excel\u00eancia na P\u00f3s-Gradua\u00e7\u00e3o<\/h2>\n\n\n\n<p><a href=\"https:\/\/ufpr.br\/propg\/cpgss\/planejamento-estrategico\/programacao-eventos\/\" target=\"_blank\" rel=\"noreferrer noopener\">Acesse a programa\u00e7\u00e3o dos eventos<\/a><\/p>\n<\/div>\n<\/div>\n\n\n\n<div class=\"wp-block-buttons is-content-justification-center is-layout-flex wp-container-core-buttons-is-layout-16018d1d wp-block-buttons-is-layout-flex\">\n<div class=\"wp-block-button\"><a class=\"wp-block-button__link has-background wp-element-button\" href=\"https:\/\/www.youtube.com\/channel\/UCfK6WpCuSnnW2p-Cq3kkHXQ?sub_confirmation=1\" style=\"border-radius:10px;background-color:#a3567f\" target=\"_blank\" rel=\"noreferrer noopener\"><strong>Inscreva-se no canal da CPGSS<\/strong><\/a><\/div>\n<\/div>\n<\/div>\n\n\n\n<div class=\"wp-block-column is-layout-flow wp-block-column-is-layout-flow\"><\/div>\n<\/div>\n\n\n\n<p><\/p>\n","protected":false},"excerpt":{"rendered":"<p>A oficina ser\u00e1 transmitida pelo canal do YouTube da Coordena\u00e7\u00e3o de P\u00f3s-gradua\u00e7\u00e3o dos Programas Stricto Sensu da UFPR.&nbsp;Todos ter\u00e3o oportunidade de interagir e tirar suas d\u00favidas. Para acessar o canal da CPGSS,\u00a0clique aqui. Excel\u00eancia na P\u00f3s-Gradua\u00e7\u00e3o Acesse a programa\u00e7\u00e3o dos eventos Em 2019, a UFPR lan\u00e7ou o pr\u00eamio\u00a0Curta Ci\u00eancia, que visa reconhecer a excel\u00eancia dos [&hellip;]<\/p>\n","protected":false},"author":16,"featured_media":0,"comment_status":"open","ping_status":"open","sticky":false,"template":"","format":"standard","meta":{"footnotes":""},"categories":[386],"tags":[],"class_list":["post-9156","post","type-post","status-publish","format-standard","hentry","category-mestrado-e-doutorado"],"_links":{"self":[{"href":"https:\/\/ufpr.br\/propg\/wp-json\/wp\/v2\/posts\/9156","targetHints":{"allow":["GET"]}}],"collection":[{"href":"https:\/\/ufpr.br\/propg\/wp-json\/wp\/v2\/posts"}],"about":[{"href":"https:\/\/ufpr.br\/propg\/wp-json\/wp\/v2\/types\/post"}],"author":[{"embeddable":true,"href":"https:\/\/ufpr.br\/propg\/wp-json\/wp\/v2\/users\/16"}],"replies":[{"embeddable":true,"href":"https:\/\/ufpr.br\/propg\/wp-json\/wp\/v2\/comments?post=9156"}],"version-history":[{"count":22,"href":"https:\/\/ufpr.br\/propg\/wp-json\/wp\/v2\/posts\/9156\/revisions"}],"predecessor-version":[{"id":18797,"href":"https:\/\/ufpr.br\/propg\/wp-json\/wp\/v2\/posts\/9156\/revisions\/18797"}],"wp:attachment":[{"href":"https:\/\/ufpr.br\/propg\/wp-json\/wp\/v2\/media?parent=9156"}],"wp:term":[{"taxonomy":"category","embeddable":true,"href":"https:\/\/ufpr.br\/propg\/wp-json\/wp\/v2\/categories?post=9156"},{"taxonomy":"post_tag","embeddable":true,"href":"https:\/\/ufpr.br\/propg\/wp-json\/wp\/v2\/tags?post=9156"}],"curies":[{"name":"wp","href":"https:\/\/api.w.org\/{rel}","templated":true}]}}