{"id":8963,"date":"2020-06-26T16:18:32","date_gmt":"2020-06-26T19:18:32","guid":{"rendered":"https:\/\/ufpr.br\/resultado-parcial-edital-02-2020-prppg"},"modified":"2025-12-01T16:11:43","modified_gmt":"2025-12-01T19:11:43","slug":"resultado-parcial-edital-02-2020-prppg","status":"publish","type":"post","link":"https:\/\/ufpr.br\/propg\/resultado-parcial-edital-02-2020-prppg\/","title":{"rendered":"Resultado Parcial \u2013 Edital 02\/2020 PRPPG"},"content":{"rendered":"\n<p class=\"has-text-align-right\">Curitiba, 26\/06\/2020<\/p>\n\n\n\n<p class=\"Texto_Justificado_Recuo_Primeira_Linha\">Em atendimento ao Edital 02\/2020 PRPPG que trata do processo seletivo para concess\u00e3o de bolsa do Programa Professor S\u00eanior UFPR apresentamos abaixo a rela\u00e7\u00e3o de docentes seniores indicados para esta concess\u00e3o. Este \u00e9 o resultado parcial mencionado no item 9 Cronograma do edital.<\/p>\n\n\n\n<p class=\"Texto_Justificado_Recuo_Primeira_Linha\">A avalia\u00e7\u00e3o feita pelo Comit\u00ea Gestor do Programa Professor S\u00eanior est\u00e1 amparada pela Resolu\u00e7\u00e3o CEPE n\u00ba11\/2029 e a Portaria PRPPG n\u00ba31\/2020. Aproveitamos para informar que despacho informativo sobre o resultado parcial em quest\u00e3o foi inserido em cada um dos processos de candidatura homologados para esta etapa da avalia\u00e7\u00e3o e encaminhado ao PPG de origem.<\/p>\n\n\n\n<div style=\"height:25px\" aria-hidden=\"true\" class=\"wp-block-spacer\"><\/div>\n\n\n\n<figure class=\"wp-block-table is-style-stripes\"><table class=\"has-fixed-layout\"><tbody><tr><td>ADRIANA ROSELI WUNSCH TAKAHASHI<\/td><\/tr><tr><td>AGNES DE PAULA SCHEER<\/td><\/tr><tr><td>ANA LUISA FAYET SALLAS<\/td><\/tr><tr><td>ANSELMO CHAVES NETO<\/td><\/tr><tr><td>ANTONIO SALVIO MANGRICH<\/td><\/tr><tr><td>CLARISSA MENEZES JORD\u00c3O<\/td><\/tr><tr><td>DULCE REGINA BAGGIO OSINSKI<\/td><\/tr><tr><td>EDELVINO RAZZOLINI FILHO<\/td><\/tr><tr><td>ELAINE DREHMER DE ALMEIDA CRUZ<\/td><\/tr><tr><td>ELEONORA MARIA GOUV\u00caA VASCONCELLOS<\/td><\/tr><tr><td>ENILZE MARIA DE S. F. RIBEIRO<\/td><\/tr><tr><td>ERNANI FRANCISCO DA ROSA FILHO<\/td><\/tr><tr><td>FABIO DE OLIVEIRA PEDROSA<\/td><\/tr><tr><td>FRANCISCO JOS\u00c9 FONSECA FERREIRA<\/td><\/tr><tr><td>HELENA DE F\u00c1TIMA NUNES SILVA<\/td><\/tr><tr><td>JOANA L\u00c9A MEIRA SILVEIRA<\/td><\/tr><tr><td>LUCIA MASSUTTI DE ALMEIDA<\/td><\/tr><tr><td>LU\u00cdS AMILTON FOERSTER<\/td><\/tr><tr><td>LUIZ PEREIRA RAMOS<\/td><\/tr><tr><td>MARCELLO IACOMINI<\/td><\/tr><tr><td>MARIA \u00c9LIDA ALVES STEFANELLO<\/td><\/tr><tr><td>MARIA HELENA LENARDT<\/td><\/tr><tr><td>MARIA JOS\u00c9 GNATTA DALCUCHE FOLTRAN<\/td><\/tr><tr><td>MARIA LUIZA PETZL-ERLER<\/td><\/tr><tr><td>MARILENE WEINHARDT<\/td><\/tr><tr><td>MIGUEL MANSUR AISSE<\/td><\/tr><tr><td>MIRIAM RITA MORO MINE<\/td><\/tr><tr><td>NILSON MACIEL DE PAULA<\/td><\/tr><tr><td>OLAF HERMANN HENDRIK MIELKE<\/td><\/tr><tr><td>RAQUEL REJANE BONATO NEGRELLE<\/td><\/tr><tr><td>RODOLFO JOS\u00c9 ANGULO<\/td><\/tr><tr><td>SERGIO SCHEER<\/td><\/tr><tr><td>THAIS HELENA SYDENSTRICKER FLORES-SAHAGUN<\/td><\/tr><tr><td>VIRGINIA SOUZA DE CARVALHO BORGES KISTMANN<\/td><\/tr><tr><td>YARA LUCIA MAZZIOTTI BULGACOV<\/td><\/tr><\/tbody><\/table><\/figure>\n\n\n\n<p>&nbsp;<\/p>\n\n\n\n<p class=\"Texto_Justificado_Recuo_Primeira_Linha\">Agradecemos a aten\u00e7\u00e3o dispensada.<\/p>\n\n\n\n<p class=\"Texto_Centralizado_Maiusculas\">SE\u00c7\u00c3O DE BOLSAS E AUX\u00cdLIOS &#8211; PRPPG &#8211; UFPR<\/p>\n","protected":false},"excerpt":{"rendered":"<p>Curitiba, 26\/06\/2020 Em atendimento ao Edital 02\/2020 PRPPG que trata do processo seletivo para concess\u00e3o de bolsa do Programa Professor S\u00eanior UFPR apresentamos abaixo a rela\u00e7\u00e3o de docentes seniores indicados para esta concess\u00e3o. Este \u00e9 o resultado parcial mencionado no item 9 Cronograma do edital. A avalia\u00e7\u00e3o feita pelo Comit\u00ea Gestor do Programa Professor S\u00eanior [&hellip;]<\/p>\n","protected":false},"author":16,"featured_media":0,"comment_status":"open","ping_status":"open","sticky":false,"template":"","format":"standard","meta":{"footnotes":""},"categories":[381,386],"tags":[],"class_list":["post-8963","post","type-post","status-publish","format-standard","hentry","category-editais-e-processos-seletivos","category-mestrado-e-doutorado"],"_links":{"self":[{"href":"https:\/\/ufpr.br\/propg\/wp-json\/wp\/v2\/posts\/8963","targetHints":{"allow":["GET"]}}],"collection":[{"href":"https:\/\/ufpr.br\/propg\/wp-json\/wp\/v2\/posts"}],"about":[{"href":"https:\/\/ufpr.br\/propg\/wp-json\/wp\/v2\/types\/post"}],"author":[{"embeddable":true,"href":"https:\/\/ufpr.br\/propg\/wp-json\/wp\/v2\/users\/16"}],"replies":[{"embeddable":true,"href":"https:\/\/ufpr.br\/propg\/wp-json\/wp\/v2\/comments?post=8963"}],"version-history":[{"count":3,"href":"https:\/\/ufpr.br\/propg\/wp-json\/wp\/v2\/posts\/8963\/revisions"}],"predecessor-version":[{"id":18741,"href":"https:\/\/ufpr.br\/propg\/wp-json\/wp\/v2\/posts\/8963\/revisions\/18741"}],"wp:attachment":[{"href":"https:\/\/ufpr.br\/propg\/wp-json\/wp\/v2\/media?parent=8963"}],"wp:term":[{"taxonomy":"category","embeddable":true,"href":"https:\/\/ufpr.br\/propg\/wp-json\/wp\/v2\/categories?post=8963"},{"taxonomy":"post_tag","embeddable":true,"href":"https:\/\/ufpr.br\/propg\/wp-json\/wp\/v2\/tags?post=8963"}],"curies":[{"name":"wp","href":"https:\/\/api.w.org\/{rel}","templated":true}]}}