{"id":8795,"date":"2020-06-04T17:02:24","date_gmt":"2020-06-04T20:02:24","guid":{"rendered":"https:\/\/ufpr.br\/comunicado-concessao-de-recursos-de-custeio-em-2020-proap-e-proex"},"modified":"2025-12-01T16:12:08","modified_gmt":"2025-12-01T19:12:08","slug":"comunicado-concessao-de-recursos-de-custeio-em-2020-proap-e-proex","status":"publish","type":"post","link":"https:\/\/ufpr.br\/propg\/comunicado-concessao-de-recursos-de-custeio-em-2020-proap-e-proex\/","title":{"rendered":"[COMUNICADO] Concess\u00e3o de recursos de custeio em 2020 &#8211; PROAP e PROEX"},"content":{"rendered":"\n<ul class=\"wp-block-list\">\n<li><a href=\"https:\/\/ufpr.br\/propg\/wp-content\/uploads\/2025\/10\/notaof-212020capes-proap.pdf\" target=\"_blank\" rel=\"noreferrer noopener\">Nota sobre Of\u00edcio Circular n\u00ba 21\/2020-GAB\/PR\/CAPES<\/a> &#8211; Concess\u00e3o de recursos de custeio em 2020 &#8211; PROAP e PROEX<\/li>\n<\/ul>\n\n\n\n<ul class=\"wp-block-list\">\n<li><a href=\"https:\/\/ufpr.br\/propg\/wp-content\/uploads\/2025\/09\/of21-2020capesproap.pdf\" target=\"_blank\" rel=\"noreferrer noopener\">Of\u00edcio circular n\u00ba 21\/2020-GAB\/PR\/CAPES <\/a>Concess\u00e3o de recursos de custeio em 2020 &#8211; PROAP* e PROEX*<\/li>\n<\/ul>\n\n\n\n<ul class=\"wp-block-list\">\n<li><a href=\"https:\/\/ufpr.br\/propg\/wp-content\/uploads\/2025\/09\/sei_capes-1211220-oficio.pdf\" target=\"_blank\" rel=\"noreferrer noopener\">Of\u00edcio n\u00ba 55\/2020-CGSI\/DPB\/CAPES <\/a>Novo modelo de concess\u00e3o de recursos de custeio \u2014 PROAP e PROEX.<\/li>\n<\/ul>\n\n\n\n<p>*Programa de Apoio \u00e0 P\u00f3s-Gradua\u00e7\u00e3o (PROAP)<br>*Programa de Excel\u00eancia Acad\u00eamica (PROEX)<\/p>\n\n\n\n<p><\/p>\n","protected":false},"excerpt":{"rendered":"<p>*Programa de Apoio \u00e0 P\u00f3s-Gradua\u00e7\u00e3o (PROAP)*Programa de Excel\u00eancia Acad\u00eamica (PROEX)<\/p>\n","protected":false},"author":18,"featured_media":0,"comment_status":"open","ping_status":"open","sticky":false,"template":"","format":"standard","meta":{"footnotes":""},"categories":[386],"tags":[],"class_list":["post-8795","post","type-post","status-publish","format-standard","hentry","category-mestrado-e-doutorado"],"_links":{"self":[{"href":"https:\/\/ufpr.br\/propg\/wp-json\/wp\/v2\/posts\/8795","targetHints":{"allow":["GET"]}}],"collection":[{"href":"https:\/\/ufpr.br\/propg\/wp-json\/wp\/v2\/posts"}],"about":[{"href":"https:\/\/ufpr.br\/propg\/wp-json\/wp\/v2\/types\/post"}],"author":[{"embeddable":true,"href":"https:\/\/ufpr.br\/propg\/wp-json\/wp\/v2\/users\/18"}],"replies":[{"embeddable":true,"href":"https:\/\/ufpr.br\/propg\/wp-json\/wp\/v2\/comments?post=8795"}],"version-history":[{"count":5,"href":"https:\/\/ufpr.br\/propg\/wp-json\/wp\/v2\/posts\/8795\/revisions"}],"predecessor-version":[{"id":18746,"href":"https:\/\/ufpr.br\/propg\/wp-json\/wp\/v2\/posts\/8795\/revisions\/18746"}],"wp:attachment":[{"href":"https:\/\/ufpr.br\/propg\/wp-json\/wp\/v2\/media?parent=8795"}],"wp:term":[{"taxonomy":"category","embeddable":true,"href":"https:\/\/ufpr.br\/propg\/wp-json\/wp\/v2\/categories?post=8795"},{"taxonomy":"post_tag","embeddable":true,"href":"https:\/\/ufpr.br\/propg\/wp-json\/wp\/v2\/tags?post=8795"}],"curies":[{"name":"wp","href":"https:\/\/api.w.org\/{rel}","templated":true}]}}