{"id":8756,"date":"2020-06-26T17:30:35","date_gmt":"2020-06-26T20:30:35","guid":{"rendered":"https:\/\/ufpr.br\/edital-03-2020"},"modified":"2025-12-01T16:11:34","modified_gmt":"2025-12-01T19:11:34","slug":"edital-03-2020","status":"publish","type":"post","link":"https:\/\/ufpr.br\/propg\/edital-03-2020\/","title":{"rendered":"[Edital 03\/2020-PRPPG] Sele\u00e7\u00e3o para Chamada P\u00fablica 12\/2020-CNPQ: Programa MAI\/DAI"},"content":{"rendered":"\n<p>A PRPPG &#8211; Pr\u00f3-Reitoria de Pesquisa e P\u00f3s-Gradua\u00e7\u00e3o &#8211; e a AGITEC &#8211; Ag\u00eancia de Inova\u00e7\u00e3o da UFPR, tornam p\u00fablico o processo interno para a sele\u00e7\u00e3o de propostas, considerando a <a href=\"http:\/\/cnpq.br\/chamadas-publicas?p_p_id=resultadosportlet_WAR_resultadoscnpqportlet_INSTANCE_0ZaM&amp;id=47-1530-6872&amp;detalha=chamadaDetalhada&amp;filtro=abertas\" target=\"_blank\" rel=\"noreferrer noopener\">Chamada P\u00fablica n\u00ba 12\/2020 do CNPq<\/a> &#8211; <strong>Programa de Mestrado e Doutorado Acad\u00eamico para Inova\u00e7\u00e3o MAI\/DAI<\/strong><\/p>\n\n\n\n<ul class=\"wp-block-list\">\n<li><span style=\"color: #000000;\"><a href=\"https:\/\/ufpr.br\/propg\/wp-content\/uploads\/2025\/10\/03-edital-prppg-cnpq-mai-tai.pdf\" target=\"_blank\" rel=\"noreferrer noopener\">Acesse aqui<\/a> o EDITAL 03\/2020-PRPPG<\/span><\/li>\n<\/ul>\n\n\n\n<ul class=\"wp-block-list\">\n<li><span style=\"color: #000000;\"><a href=\"https:\/\/ufpr.br\/propg\/wp-content\/uploads\/2025\/10\/edital-mai-dai-resultado-26-06-2020.pdf\" target=\"_blank\" rel=\"noreferrer noopener\">Resultado Preliminar<\/a> do Edital 03\/2020-PRPPG (publicado em 26.06.2020)<\/span><\/li>\n<\/ul>\n\n\n\n<ul class=\"wp-block-list\">\n<li><span style=\"color: #000000;\"><a href=\"https:\/\/ufpr.br\/propg\/wp-content\/uploads\/2025\/10\/edital-mai-dai-resultado-preliminar-e-indicao-de-coordenador-institucional-29-06-2020.pdf\" target=\"_blank\" rel=\"noreferrer noopener\">Resultado Preliminar<\/a> \/ Indica\u00e7\u00e3o de representantes para coordenar a proposta institucional (publicado em 29.06.2020)<\/span><\/li>\n<\/ul>\n\n\n\n<ul class=\"wp-block-list\">\n<li><span style=\"color: #000000;\"><span style=\"color: #993300;\"><strong><a href=\"https:\/\/ufpr.br\/propg\/wp-content\/uploads\/2025\/10\/edital-mai-dai-resultado-aps-recursos-01-07-2020.pdf\" target=\"_blank\" rel=\"noreferrer noopener\">Resultado Final &#8211; ap\u00f3s recursos<\/a><\/strong><\/span> (publicado em 01.07.2020)<\/span><\/li>\n<\/ul>\n\n\n\n<p>\u00a0\u00a0<\/p>\n\n\n\n<hr class=\"wp-block-separator has-alpha-channel-opacity\"\/>\n\n\n\n<h2 class=\"wp-block-heading\">Aten\u00e7\u00e3o:<\/h2>\n\n\n\n<p>Para facilitar o tr\u00e2mite das propostas, fornecemos os anexos I, II e III em formato word. Estes documentos devem ser inseridos na documenta\u00e7\u00e3o, conforme orientado no edital. Destacamos que no anexo I, <strong>os campos 1 e 6 n\u00e3o devem ser preenchidos<\/strong>&nbsp;pelos proponentes (que s\u00e3o institucionais), permanecendo os demais itens mandat\u00f3rios para an\u00e1lise (2, 3, 4, 5, 7, 8, 9 e 10). Ressaltamos que para o anexo II, dever\u00e1 existir um documento para cada empresa afiliada ao projeto.<\/p>\n\n\n\n<ul class=\"wp-block-list\">\n<li><a href=\"https:\/\/ufpr.br\/propg\/wp-content\/uploads\/2025\/10\/anexo-i.docx\" target=\"_blank\" rel=\"noreferrer noopener\">ANEXO I<\/a><\/li>\n<\/ul>\n\n\n\n<ul class=\"wp-block-list\">\n<li><a href=\"https:\/\/ufpr.br\/propg\/wp-content\/uploads\/2025\/10\/anexo-ii.docx\" target=\"_blank\" rel=\"noreferrer noopener\">ANEXO II<\/a><\/li>\n<\/ul>\n\n\n\n<ul class=\"wp-block-list\">\n<li><a href=\"https:\/\/ufpr.br\/propg\/wp-content\/uploads\/2025\/10\/anexo-iii.docx\" target=\"_blank\" rel=\"noreferrer noopener\">ANEXO III<\/a><\/li>\n<\/ul>\n","protected":false},"excerpt":{"rendered":"<p>A PRPPG &#8211; Pr\u00f3-Reitoria de Pesquisa e P\u00f3s-Gradua\u00e7\u00e3o &#8211; e a AGITEC &#8211; Ag\u00eancia de Inova\u00e7\u00e3o da UFPR, tornam p\u00fablico o processo interno para a sele\u00e7\u00e3o de propostas, considerando a Chamada P\u00fablica n\u00ba 12\/2020 do CNPq &#8211; Programa de Mestrado e Doutorado Acad\u00eamico para Inova\u00e7\u00e3o MAI\/DAI \u00a0\u00a0 Aten\u00e7\u00e3o: Para facilitar o tr\u00e2mite das propostas, fornecemos [&hellip;]<\/p>\n","protected":false},"author":24,"featured_media":0,"comment_status":"open","ping_status":"open","sticky":false,"template":"","format":"standard","meta":{"footnotes":""},"categories":[381,386],"tags":[],"class_list":["post-8756","post","type-post","status-publish","format-standard","hentry","category-editais-e-processos-seletivos","category-mestrado-e-doutorado"],"_links":{"self":[{"href":"https:\/\/ufpr.br\/propg\/wp-json\/wp\/v2\/posts\/8756","targetHints":{"allow":["GET"]}}],"collection":[{"href":"https:\/\/ufpr.br\/propg\/wp-json\/wp\/v2\/posts"}],"about":[{"href":"https:\/\/ufpr.br\/propg\/wp-json\/wp\/v2\/types\/post"}],"author":[{"embeddable":true,"href":"https:\/\/ufpr.br\/propg\/wp-json\/wp\/v2\/users\/24"}],"replies":[{"embeddable":true,"href":"https:\/\/ufpr.br\/propg\/wp-json\/wp\/v2\/comments?post=8756"}],"version-history":[{"count":13,"href":"https:\/\/ufpr.br\/propg\/wp-json\/wp\/v2\/posts\/8756\/revisions"}],"predecessor-version":[{"id":18739,"href":"https:\/\/ufpr.br\/propg\/wp-json\/wp\/v2\/posts\/8756\/revisions\/18739"}],"wp:attachment":[{"href":"https:\/\/ufpr.br\/propg\/wp-json\/wp\/v2\/media?parent=8756"}],"wp:term":[{"taxonomy":"category","embeddable":true,"href":"https:\/\/ufpr.br\/propg\/wp-json\/wp\/v2\/categories?post=8756"},{"taxonomy":"post_tag","embeddable":true,"href":"https:\/\/ufpr.br\/propg\/wp-json\/wp\/v2\/tags?post=8756"}],"curies":[{"name":"wp","href":"https:\/\/api.w.org\/{rel}","templated":true}]}}