{"id":8481,"date":"2020-03-17T10:16:18","date_gmt":"2020-03-17T13:16:18","guid":{"rendered":"https:\/\/ufpr.br\/edital-2019-relatorio-parcial-prorrogado-ate-o-dia-06-de-abril-de-2020"},"modified":"2025-12-01T16:05:52","modified_gmt":"2025-12-01T19:05:52","slug":"edital-2019-relatorio-parcial-prorrogado-ate-o-dia-06-de-abril-de-2020","status":"publish","type":"post","link":"https:\/\/ufpr.br\/propg\/edital-2019-relatorio-parcial-prorrogado-ate-o-dia-06-de-abril-de-2020\/","title":{"rendered":"[Edital 2019] Relat\u00f3rio Parcial &#8211; prorrogado at\u00e9 o dia 06 de abril de 2020"},"content":{"rendered":"\n<p>Prezados alunos e professores,<\/p>\n\n\n\n<p>O prazo final para inser\u00e7\u00e3o do relat\u00f3rio parcial (Edital 2019) foi prorrogado at\u00e9 o dia 06 de abril de 2020.<\/p>\n\n\n\n<p>Calend\u00e1rio de Atividades: <a href=\"https:\/\/ufpr.br\/propg\/ict\/calendario-de-atividades\/\">https:\/\/ufpr.br\/propg\/ict\/calendario-de-atividades\/<\/a><\/p>\n\n\n\n<p><\/p>\n","protected":false},"excerpt":{"rendered":"<p>Prezados alunos e professores, O prazo final para inser\u00e7\u00e3o do relat\u00f3rio parcial (Edital 2019) foi prorrogado at\u00e9 o dia 06 de abril de 2020. Calend\u00e1rio de Atividades: https:\/\/ufpr.br\/propg\/ict\/calendario-de-atividades\/<\/p>\n","protected":false},"author":17,"featured_media":0,"comment_status":"open","ping_status":"open","sticky":false,"template":"","format":"standard","meta":{"footnotes":""},"categories":[384],"tags":[],"class_list":["post-8481","post","type-post","status-publish","format-standard","hentry","category-iniciacao-cientifica-e-tecnologica"],"_links":{"self":[{"href":"https:\/\/ufpr.br\/propg\/wp-json\/wp\/v2\/posts\/8481","targetHints":{"allow":["GET"]}}],"collection":[{"href":"https:\/\/ufpr.br\/propg\/wp-json\/wp\/v2\/posts"}],"about":[{"href":"https:\/\/ufpr.br\/propg\/wp-json\/wp\/v2\/types\/post"}],"author":[{"embeddable":true,"href":"https:\/\/ufpr.br\/propg\/wp-json\/wp\/v2\/users\/17"}],"replies":[{"embeddable":true,"href":"https:\/\/ufpr.br\/propg\/wp-json\/wp\/v2\/comments?post=8481"}],"version-history":[{"count":3,"href":"https:\/\/ufpr.br\/propg\/wp-json\/wp\/v2\/posts\/8481\/revisions"}],"predecessor-version":[{"id":18700,"href":"https:\/\/ufpr.br\/propg\/wp-json\/wp\/v2\/posts\/8481\/revisions\/18700"}],"wp:attachment":[{"href":"https:\/\/ufpr.br\/propg\/wp-json\/wp\/v2\/media?parent=8481"}],"wp:term":[{"taxonomy":"category","embeddable":true,"href":"https:\/\/ufpr.br\/propg\/wp-json\/wp\/v2\/categories?post=8481"},{"taxonomy":"post_tag","embeddable":true,"href":"https:\/\/ufpr.br\/propg\/wp-json\/wp\/v2\/tags?post=8481"}],"curies":[{"name":"wp","href":"https:\/\/api.w.org\/{rel}","templated":true}]}}