{"id":8398,"date":"2020-02-20T09:53:37","date_gmt":"2020-02-20T12:53:37","guid":{"rendered":"https:\/\/ufpr.br\/processos-seletivos-doutorado-matematica-2020"},"modified":"2025-12-01T16:03:48","modified_gmt":"2025-12-01T19:03:48","slug":"processos-seletivos-doutorado-matematica-2020","status":"publish","type":"post","link":"https:\/\/ufpr.br\/propg\/processos-seletivos-doutorado-matematica-2020\/","title":{"rendered":"[Processo Seletivo] Reabertas inscri\u00e7\u00f5es para ingresso no curso de Doutorado em Matem\u00e1tica &#8211; 1\u00ba semestre de 2020"},"content":{"rendered":"\n<p>As inscri\u00e7\u00f5es para o curso de Doutorado do Programa de p\u00f3s-gradua\u00e7\u00e3o em Matem\u00e1tica foram reabertas:<\/p>\n\n\n\n<p>Per\u00edodo de inscri\u00e7\u00f5es de<strong> 20\/02 a 01\/03\/2020.<\/strong><\/p>\n\n\n\n<p>Para maiores informa\u00e7\u00f5es acesse <a href=\"http:\/\/www.mat.ufpr.br\/ppgma\/admissao\/admissao.html\" target=\"_blank\" rel=\"noreferrer noopener\">http:\/\/www.mat.ufpr.br\/ppgma\/admissao\/admissao.html<\/a><\/p>\n\n\n\n<p>&nbsp;<\/p>\n\n\n\n<p>&nbsp;<\/p>\n","protected":false},"excerpt":{"rendered":"<p>As inscri\u00e7\u00f5es para o curso de Doutorado do Programa de p\u00f3s-gradua\u00e7\u00e3o em Matem\u00e1tica foram reabertas: Per\u00edodo de inscri\u00e7\u00f5es de 20\/02 a 01\/03\/2020. Para maiores informa\u00e7\u00f5es acesse http:\/\/www.mat.ufpr.br\/ppgma\/admissao\/admissao.html &nbsp; &nbsp;<\/p>\n","protected":false},"author":18,"featured_media":0,"comment_status":"open","ping_status":"open","sticky":false,"template":"","format":"standard","meta":{"footnotes":""},"categories":[381,386],"tags":[],"class_list":["post-8398","post","type-post","status-publish","format-standard","hentry","category-editais-e-processos-seletivos","category-mestrado-e-doutorado"],"_links":{"self":[{"href":"https:\/\/ufpr.br\/propg\/wp-json\/wp\/v2\/posts\/8398","targetHints":{"allow":["GET"]}}],"collection":[{"href":"https:\/\/ufpr.br\/propg\/wp-json\/wp\/v2\/posts"}],"about":[{"href":"https:\/\/ufpr.br\/propg\/wp-json\/wp\/v2\/types\/post"}],"author":[{"embeddable":true,"href":"https:\/\/ufpr.br\/propg\/wp-json\/wp\/v2\/users\/18"}],"replies":[{"embeddable":true,"href":"https:\/\/ufpr.br\/propg\/wp-json\/wp\/v2\/comments?post=8398"}],"version-history":[{"count":3,"href":"https:\/\/ufpr.br\/propg\/wp-json\/wp\/v2\/posts\/8398\/revisions"}],"predecessor-version":[{"id":18678,"href":"https:\/\/ufpr.br\/propg\/wp-json\/wp\/v2\/posts\/8398\/revisions\/18678"}],"wp:attachment":[{"href":"https:\/\/ufpr.br\/propg\/wp-json\/wp\/v2\/media?parent=8398"}],"wp:term":[{"taxonomy":"category","embeddable":true,"href":"https:\/\/ufpr.br\/propg\/wp-json\/wp\/v2\/categories?post=8398"},{"taxonomy":"post_tag","embeddable":true,"href":"https:\/\/ufpr.br\/propg\/wp-json\/wp\/v2\/tags?post=8398"}],"curies":[{"name":"wp","href":"https:\/\/api.w.org\/{rel}","templated":true}]}}