{"id":8308,"date":"2020-02-09T11:53:21","date_gmt":"2020-02-09T13:53:21","guid":{"rendered":"https:\/\/ufpr.br\/manual-de-abertura-de-cursos-turmas-para-especializacao"},"modified":"2025-12-01T16:04:31","modified_gmt":"2025-12-01T19:04:31","slug":"manual-de-abertura-de-cursos-turmas-para-especializacao","status":"publish","type":"post","link":"https:\/\/ufpr.br\/propg\/manual-de-abertura-de-cursos-turmas-para-especializacao\/","title":{"rendered":"MANUAL DE ABERTURA DE CURSOS\/TURMAS PARA ESPECIALIZA\u00c7\u00c3O"},"content":{"rendered":"\n<p class=\"has-text-align-center\"><a href=\"https:\/\/ufpr.br\/propg\/wp-content\/uploads\/2025\/10\/especializao-manual-abertura-curso_2020.pdf\" target=\"_blank\" rel=\"noreferrer noopener\">MANUAL DE ABERTURA DE CURSOS\/TURMAS PARA ESPECIALIZA\u00c7\u00c3O<\/a><\/p>\n\n\n\n<p>Instru\u00e7\u00f5es e normativas para a submiss\u00e3o de novas propostas de cursos e\/ou turmas de Especializa\u00e7\u00e3o<\/p>\n\n\n\n<p><a href=\"https:\/\/ufpr.br\/propg\/wp-content\/uploads\/2025\/10\/especializao-manual-abertura-curso_2020.pdf\" target=\"_blank\" rel=\"noreferrer noopener\">Acesse aqui o Manual<\/a><\/p>\n\n\n\n<p>Caso tenha d\u00favidas favor entrar em contato com a <a href=\"https:\/\/ufpr.br\/propg\/especializacao\/\">Coordena\u00e7\u00e3o de Cursos de Especializa\u00e7\u00e3o (<em>Lato sensu<\/em>)<\/a><\/p>\n","protected":false},"excerpt":{"rendered":"<p>MANUAL DE ABERTURA DE CURSOS\/TURMAS PARA ESPECIALIZA\u00c7\u00c3O Instru\u00e7\u00f5es e normativas para a submiss\u00e3o de novas propostas de cursos e\/ou turmas de Especializa\u00e7\u00e3o Acesse aqui o Manual Caso tenha d\u00favidas favor entrar em contato com a Coordena\u00e7\u00e3o de Cursos de Especializa\u00e7\u00e3o (Lato sensu)<\/p>\n","protected":false},"author":21,"featured_media":0,"comment_status":"open","ping_status":"open","sticky":false,"template":"","format":"standard","meta":{"footnotes":""},"categories":[382],"tags":[],"class_list":["post-8308","post","type-post","status-publish","format-standard","hentry","category-especializacao-e-residencia"],"_links":{"self":[{"href":"https:\/\/ufpr.br\/propg\/wp-json\/wp\/v2\/posts\/8308","targetHints":{"allow":["GET"]}}],"collection":[{"href":"https:\/\/ufpr.br\/propg\/wp-json\/wp\/v2\/posts"}],"about":[{"href":"https:\/\/ufpr.br\/propg\/wp-json\/wp\/v2\/types\/post"}],"author":[{"embeddable":true,"href":"https:\/\/ufpr.br\/propg\/wp-json\/wp\/v2\/users\/21"}],"replies":[{"embeddable":true,"href":"https:\/\/ufpr.br\/propg\/wp-json\/wp\/v2\/comments?post=8308"}],"version-history":[{"count":6,"href":"https:\/\/ufpr.br\/propg\/wp-json\/wp\/v2\/posts\/8308\/revisions"}],"predecessor-version":[{"id":18689,"href":"https:\/\/ufpr.br\/propg\/wp-json\/wp\/v2\/posts\/8308\/revisions\/18689"}],"wp:attachment":[{"href":"https:\/\/ufpr.br\/propg\/wp-json\/wp\/v2\/media?parent=8308"}],"wp:term":[{"taxonomy":"category","embeddable":true,"href":"https:\/\/ufpr.br\/propg\/wp-json\/wp\/v2\/categories?post=8308"},{"taxonomy":"post_tag","embeddable":true,"href":"https:\/\/ufpr.br\/propg\/wp-json\/wp\/v2\/tags?post=8308"}],"curies":[{"name":"wp","href":"https:\/\/api.w.org\/{rel}","templated":true}]}}