{"id":8207,"date":"2020-01-20T14:32:26","date_gmt":"2020-01-20T16:32:26","guid":{"rendered":"https:\/\/ufpr.br\/inscricoes-educacao-fisica-escolar-2020"},"modified":"2025-12-01T16:02:56","modified_gmt":"2025-12-01T19:02:56","slug":"inscricoes-educacao-fisica-escolar-2020","status":"publish","type":"post","link":"https:\/\/ufpr.br\/propg\/inscricoes-educacao-fisica-escolar-2020\/","title":{"rendered":"ABERTAS AS INSCRI\u00c7\u00d5ES PARA O CURSO DE ESPECIALIZA\u00c7\u00c3O EM EDUCA\u00c7\u00c3O F\u00cdSICA ESCOLAR \u2013 2020"},"content":{"rendered":"\n<p>ABERTAS AS INSCRI\u00c7\u00d5ES PARA O CURSO DE ESPECIALIZA\u00c7\u00c3O EM EDUCA\u00c7\u00c3O F\u00cdSICA ESCOLAR \u2013 2020<\/p>\n\n\n\n<p><strong>Turma com in\u00edcio previsto para&nbsp; fevereiro de 2020<\/strong><\/p>\n\n\n\n<p><strong>Inscri\u00e7\u00f5es: de 10\/12\/2019\u00a0 a\u00a0 28\/02\/2020.<\/strong><\/p>\n\n\n\n<p><a href=\"https:\/\/ufpr.br\/propg\/wp-content\/uploads\/2025\/10\/edital-01-2019-especializao-em-educao-fsica-escolar-ufpr.pdf\" target=\"_blank\" rel=\"noreferrer noopener\">\u00a0Edital N\u00ba01\/2019 Especializa\u00e7\u00e3o em Educa\u00e7\u00e3o F\u00edsica Escolar<\/a><\/p>\n","protected":false},"excerpt":{"rendered":"<p>ABERTAS AS INSCRI\u00c7\u00d5ES PARA O CURSO DE ESPECIALIZA\u00c7\u00c3O EM EDUCA\u00c7\u00c3O F\u00cdSICA ESCOLAR \u2013 2020 Turma com in\u00edcio previsto para&nbsp; fevereiro de 2020 Inscri\u00e7\u00f5es: de 10\/12\/2019\u00a0 a\u00a0 28\/02\/2020. \u00a0Edital N\u00ba01\/2019 Especializa\u00e7\u00e3o em Educa\u00e7\u00e3o F\u00edsica Escolar<\/p>\n","protected":false},"author":18,"featured_media":0,"comment_status":"open","ping_status":"open","sticky":false,"template":"","format":"standard","meta":{"footnotes":""},"categories":[381,382],"tags":[],"class_list":["post-8207","post","type-post","status-publish","format-standard","hentry","category-editais-e-processos-seletivos","category-especializacao-e-residencia"],"_links":{"self":[{"href":"https:\/\/ufpr.br\/propg\/wp-json\/wp\/v2\/posts\/8207","targetHints":{"allow":["GET"]}}],"collection":[{"href":"https:\/\/ufpr.br\/propg\/wp-json\/wp\/v2\/posts"}],"about":[{"href":"https:\/\/ufpr.br\/propg\/wp-json\/wp\/v2\/types\/post"}],"author":[{"embeddable":true,"href":"https:\/\/ufpr.br\/propg\/wp-json\/wp\/v2\/users\/18"}],"replies":[{"embeddable":true,"href":"https:\/\/ufpr.br\/propg\/wp-json\/wp\/v2\/comments?post=8207"}],"version-history":[{"count":3,"href":"https:\/\/ufpr.br\/propg\/wp-json\/wp\/v2\/posts\/8207\/revisions"}],"predecessor-version":[{"id":18672,"href":"https:\/\/ufpr.br\/propg\/wp-json\/wp\/v2\/posts\/8207\/revisions\/18672"}],"wp:attachment":[{"href":"https:\/\/ufpr.br\/propg\/wp-json\/wp\/v2\/media?parent=8207"}],"wp:term":[{"taxonomy":"category","embeddable":true,"href":"https:\/\/ufpr.br\/propg\/wp-json\/wp\/v2\/categories?post=8207"},{"taxonomy":"post_tag","embeddable":true,"href":"https:\/\/ufpr.br\/propg\/wp-json\/wp\/v2\/tags?post=8207"}],"curies":[{"name":"wp","href":"https:\/\/api.w.org\/{rel}","templated":true}]}}