{"id":8136,"date":"2020-01-06T15:12:47","date_gmt":"2020-01-06T17:12:47","guid":{"rendered":"https:\/\/ufpr.br\/processo-seletivo-mestrado-e-doutorado-em-engenharia-ambiental-para-inicio-em-2020"},"modified":"2025-12-01T16:03:04","modified_gmt":"2025-12-01T19:03:04","slug":"processo-seletivo-mestrado-e-doutorado-em-engenharia-ambiental-para-inicio-em-2020","status":"publish","type":"post","link":"https:\/\/ufpr.br\/propg\/processo-seletivo-mestrado-e-doutorado-em-engenharia-ambiental-para-inicio-em-2020\/","title":{"rendered":"[Processo Seletivo] Mestrado e Doutorado em Engenharia Ambiental para in\u00edcio em 2020"},"content":{"rendered":"\n<p>Est\u00e3o abertas as inscri\u00e7\u00f5es para os Processos Seletivos de Mestrado e Doutorado em Engenharia Ambiental da UFPR, para in\u00edcio em 2020.<\/p>\n\n\n\n<p>Os editais j\u00e1 est\u00e3o dispon\u00edveis na p\u00e1gina do PPGEA:<\/p>\n\n\n\n<ul class=\"wp-block-list\">\n<li><a href=\"https:\/\/www.prppg.ufpr.br\/site\/ppgea\/processo-seletivo\/mestrado\" target=\"_blank\" rel=\"noopener noreferrer\">Edital do processo seletivo para <strong>mestrado<\/strong><\/a><\/li>\n\n\n\n<li><a href=\"https:\/\/www.prppg.ufpr.br\/site\/ppgea\/processo-seletivo\/doutorado\" target=\"_blank\" rel=\"noopener noreferrer\">Edital do processo seletivo para <strong>doutorado<\/strong><\/a><\/li>\n<\/ul>\n\n\n\n<p>Maiores informa\u00e7\u00f5es poder\u00e3o ser obtidas diretamente na p\u00e1gina do programa: <a href=\"https:\/\/www.prppg.ufpr.br\/site\/ppgea\/processo-seletivo\" target=\"_blank\" rel=\"noopener noreferrer\">https:\/\/www.prppg.ufpr.br\/site\/ppgea\/processo-seletivo<\/a><\/p>\n","protected":false},"excerpt":{"rendered":"<p>Est\u00e3o abertas as inscri\u00e7\u00f5es para os Processos Seletivos de Mestrado e Doutorado em Engenharia Ambiental da UFPR, para in\u00edcio em 2020. Os editais j\u00e1 est\u00e3o dispon\u00edveis na p\u00e1gina do PPGEA: Maiores informa\u00e7\u00f5es poder\u00e3o ser obtidas diretamente na p\u00e1gina do programa: https:\/\/www.prppg.ufpr.br\/site\/ppgea\/processo-seletivo<\/p>\n","protected":false},"author":16,"featured_media":0,"comment_status":"open","ping_status":"open","sticky":false,"template":"","format":"standard","meta":{"footnotes":""},"categories":[381,386],"tags":[],"class_list":["post-8136","post","type-post","status-publish","format-standard","hentry","category-editais-e-processos-seletivos","category-mestrado-e-doutorado"],"_links":{"self":[{"href":"https:\/\/ufpr.br\/propg\/wp-json\/wp\/v2\/posts\/8136","targetHints":{"allow":["GET"]}}],"collection":[{"href":"https:\/\/ufpr.br\/propg\/wp-json\/wp\/v2\/posts"}],"about":[{"href":"https:\/\/ufpr.br\/propg\/wp-json\/wp\/v2\/types\/post"}],"author":[{"embeddable":true,"href":"https:\/\/ufpr.br\/propg\/wp-json\/wp\/v2\/users\/16"}],"replies":[{"embeddable":true,"href":"https:\/\/ufpr.br\/propg\/wp-json\/wp\/v2\/comments?post=8136"}],"version-history":[{"count":3,"href":"https:\/\/ufpr.br\/propg\/wp-json\/wp\/v2\/posts\/8136\/revisions"}],"predecessor-version":[{"id":18674,"href":"https:\/\/ufpr.br\/propg\/wp-json\/wp\/v2\/posts\/8136\/revisions\/18674"}],"wp:attachment":[{"href":"https:\/\/ufpr.br\/propg\/wp-json\/wp\/v2\/media?parent=8136"}],"wp:term":[{"taxonomy":"category","embeddable":true,"href":"https:\/\/ufpr.br\/propg\/wp-json\/wp\/v2\/categories?post=8136"},{"taxonomy":"post_tag","embeddable":true,"href":"https:\/\/ufpr.br\/propg\/wp-json\/wp\/v2\/tags?post=8136"}],"curies":[{"name":"wp","href":"https:\/\/api.w.org\/{rel}","templated":true}]}}