{"id":7910,"date":"2019-11-01T12:46:11","date_gmt":"2019-11-01T14:46:11","guid":{"rendered":"https:\/\/ufpr.br\/processo-seletivo-mestrado-em-engenharia-de-producao"},"modified":"2025-12-01T15:45:03","modified_gmt":"2025-12-01T18:45:03","slug":"processo-seletivo-mestrado-em-engenharia-de-producao","status":"publish","type":"post","link":"https:\/\/ufpr.br\/propg\/processo-seletivo-mestrado-em-engenharia-de-producao\/","title":{"rendered":"[Processo Seletivo] Mestrado em Engenharia de Produ\u00e7\u00e3o"},"content":{"rendered":"\n<p>Est\u00e1 aberto o processo seletivo para Mestrado em Engenharia de Produ\u00e7\u00e3o da UFPR, com ingresso em 2020. O processo ser\u00e1 composto pela fases de entrevista, an\u00e1lise de pr\u00e9-projeto e prova direcionada ao tema de escolha.<\/p>\n\n\n\n<p>Saiba mais: <a href=\"http:\/\/www.ppgep.ufpr.br\" target=\"_blank\" rel=\"noreferrer noopener\">www.ppgep.ufpr.br<\/a><br>D\u00favidas: ppgep@ufpr ou (41) 3361 3035<\/p>\n","protected":false},"excerpt":{"rendered":"<p>Est\u00e1 aberto o processo seletivo para Mestrado em Engenharia de Produ\u00e7\u00e3o da UFPR, com ingresso em 2020. O processo ser\u00e1 composto pela fases de entrevista, an\u00e1lise de pr\u00e9-projeto e prova direcionada ao tema de escolha. Saiba mais: www.ppgep.ufpr.brD\u00favidas: ppgep@ufpr ou (41) 3361 3035<\/p>\n","protected":false},"author":16,"featured_media":0,"comment_status":"open","ping_status":"open","sticky":false,"template":"","format":"standard","meta":{"footnotes":""},"categories":[381,386],"tags":[],"class_list":["post-7910","post","type-post","status-publish","format-standard","hentry","category-editais-e-processos-seletivos","category-mestrado-e-doutorado"],"_links":{"self":[{"href":"https:\/\/ufpr.br\/propg\/wp-json\/wp\/v2\/posts\/7910","targetHints":{"allow":["GET"]}}],"collection":[{"href":"https:\/\/ufpr.br\/propg\/wp-json\/wp\/v2\/posts"}],"about":[{"href":"https:\/\/ufpr.br\/propg\/wp-json\/wp\/v2\/types\/post"}],"author":[{"embeddable":true,"href":"https:\/\/ufpr.br\/propg\/wp-json\/wp\/v2\/users\/16"}],"replies":[{"embeddable":true,"href":"https:\/\/ufpr.br\/propg\/wp-json\/wp\/v2\/comments?post=7910"}],"version-history":[{"count":3,"href":"https:\/\/ufpr.br\/propg\/wp-json\/wp\/v2\/posts\/7910\/revisions"}],"predecessor-version":[{"id":18654,"href":"https:\/\/ufpr.br\/propg\/wp-json\/wp\/v2\/posts\/7910\/revisions\/18654"}],"wp:attachment":[{"href":"https:\/\/ufpr.br\/propg\/wp-json\/wp\/v2\/media?parent=7910"}],"wp:term":[{"taxonomy":"category","embeddable":true,"href":"https:\/\/ufpr.br\/propg\/wp-json\/wp\/v2\/categories?post=7910"},{"taxonomy":"post_tag","embeddable":true,"href":"https:\/\/ufpr.br\/propg\/wp-json\/wp\/v2\/tags?post=7910"}],"curies":[{"name":"wp","href":"https:\/\/api.w.org\/{rel}","templated":true}]}}