{"id":7901,"date":"2019-10-30T16:41:28","date_gmt":"2019-10-30T18:41:28","guid":{"rendered":"https:\/\/ufpr.br\/processo-seletivo-mestrado-em-bioinformatica-2020"},"modified":"2025-12-01T15:15:21","modified_gmt":"2025-12-01T18:15:21","slug":"processo-seletivo-mestrado-em-bioinformatica-2020","status":"publish","type":"post","link":"https:\/\/ufpr.br\/propg\/processo-seletivo-mestrado-em-bioinformatica-2020\/","title":{"rendered":"[Processo Seletivo] Mestrado em Bioinform\u00e1tica"},"content":{"rendered":"\n<p>Est\u00e3o abertas para as inscri\u00e7\u00f5es para o processo seletivo para o Mestrado em Bioinform\u00e1tica da Universidade Federal do Paran\u00e1<\/p>\n\n\n\n<p><strong>Inscri\u00e7\u00f5es:<\/strong>\u00a0<strong>at\u00e9 30\/11\/2019<\/strong><\/p>\n\n\n\n<p><strong>Prova:<\/strong>\u00a0<strong>10\/12\/2019<\/strong><\/p>\n\n\n\n<p>Mais informa\u00e7\u00f5es em:\u00a0<a href=\"http:\/\/www.bioinfo.ufpr.br\/processo-seletivo.html\" target=\"_blank\" rel=\"noreferrer noopener\">http:\/\/www.bioinfo.ufpr.br\/processo-seletivo.html<\/a><\/p>\n","protected":false},"excerpt":{"rendered":"<p>Est\u00e3o abertas para as inscri\u00e7\u00f5es para o processo seletivo para o Mestrado em Bioinform\u00e1tica da Universidade Federal do Paran\u00e1 Inscri\u00e7\u00f5es:\u00a0at\u00e9 30\/11\/2019 Prova:\u00a010\/12\/2019 Mais informa\u00e7\u00f5es em:\u00a0http:\/\/www.bioinfo.ufpr.br\/processo-seletivo.html<\/p>\n","protected":false},"author":16,"featured_media":0,"comment_status":"open","ping_status":"open","sticky":false,"template":"","format":"standard","meta":{"footnotes":""},"categories":[381,386],"tags":[],"class_list":["post-7901","post","type-post","status-publish","format-standard","hentry","category-editais-e-processos-seletivos","category-mestrado-e-doutorado"],"_links":{"self":[{"href":"https:\/\/ufpr.br\/propg\/wp-json\/wp\/v2\/posts\/7901","targetHints":{"allow":["GET"]}}],"collection":[{"href":"https:\/\/ufpr.br\/propg\/wp-json\/wp\/v2\/posts"}],"about":[{"href":"https:\/\/ufpr.br\/propg\/wp-json\/wp\/v2\/types\/post"}],"author":[{"embeddable":true,"href":"https:\/\/ufpr.br\/propg\/wp-json\/wp\/v2\/users\/16"}],"replies":[{"embeddable":true,"href":"https:\/\/ufpr.br\/propg\/wp-json\/wp\/v2\/comments?post=7901"}],"version-history":[{"count":3,"href":"https:\/\/ufpr.br\/propg\/wp-json\/wp\/v2\/posts\/7901\/revisions"}],"predecessor-version":[{"id":18647,"href":"https:\/\/ufpr.br\/propg\/wp-json\/wp\/v2\/posts\/7901\/revisions\/18647"}],"wp:attachment":[{"href":"https:\/\/ufpr.br\/propg\/wp-json\/wp\/v2\/media?parent=7901"}],"wp:term":[{"taxonomy":"category","embeddable":true,"href":"https:\/\/ufpr.br\/propg\/wp-json\/wp\/v2\/categories?post=7901"},{"taxonomy":"post_tag","embeddable":true,"href":"https:\/\/ufpr.br\/propg\/wp-json\/wp\/v2\/tags?post=7901"}],"curies":[{"name":"wp","href":"https:\/\/api.w.org\/{rel}","templated":true}]}}