{"id":7793,"date":"2019-10-10T13:28:26","date_gmt":"2019-10-10T16:28:26","guid":{"rendered":"https:\/\/ufpr.br\/processo-seletivo-made"},"modified":"2025-12-01T15:15:26","modified_gmt":"2025-12-01T18:15:26","slug":"processo-seletivo-made","status":"publish","type":"post","link":"https:\/\/ufpr.br\/propg\/processo-seletivo-made\/","title":{"rendered":"[Processo Seletivo] Mestrado e Doutorado em Meio Ambiente e Desenvolvimento"},"content":{"rendered":"\n<p>Est\u00e3o abertas as inscri\u00e7\u00f5es para o processo seletivo de mestrado e doutorado do Programa de P\u00f3s gradua\u00e7\u00e3o em Meio Ambiente e Desenvolvimento.<\/p>\n\n\n\n<p>Confira o edital em <a href=\"https:\/\/www.prppg.ufpr.br\/site\/ppgmade\/\" target=\"_blank\" rel=\"noreferrer noopener\">https:\/\/www.prppg.ufpr.br\/site\/ppgmade\/<\/a><\/p>\n\n\n\n<p>Per\u00edodo de inscri\u00e7\u00e3o <strong>de 25\/09 <\/strong>a 27\/10\/2019<\/p>\n\n\n\n<h4 class=\"wp-block-heading\">***Inscri\u00e7\u00f5es prorrogadas at\u00e9 dia <strong>04\/11\/2019<\/strong><\/h4>\n\n\n\n<p>&nbsp;<\/p>\n","protected":false},"excerpt":{"rendered":"<p>Est\u00e3o abertas as inscri\u00e7\u00f5es para o processo seletivo de mestrado e doutorado do Programa de P\u00f3s gradua\u00e7\u00e3o em Meio Ambiente e Desenvolvimento. Confira o edital em https:\/\/www.prppg.ufpr.br\/site\/ppgmade\/ Per\u00edodo de inscri\u00e7\u00e3o de 25\/09 a 27\/10\/2019 ***Inscri\u00e7\u00f5es prorrogadas at\u00e9 dia 04\/11\/2019 &nbsp;<\/p>\n","protected":false},"author":18,"featured_media":0,"comment_status":"open","ping_status":"open","sticky":false,"template":"","format":"standard","meta":{"footnotes":""},"categories":[381,386],"tags":[],"class_list":["post-7793","post","type-post","status-publish","format-standard","hentry","category-editais-e-processos-seletivos","category-mestrado-e-doutorado"],"_links":{"self":[{"href":"https:\/\/ufpr.br\/propg\/wp-json\/wp\/v2\/posts\/7793","targetHints":{"allow":["GET"]}}],"collection":[{"href":"https:\/\/ufpr.br\/propg\/wp-json\/wp\/v2\/posts"}],"about":[{"href":"https:\/\/ufpr.br\/propg\/wp-json\/wp\/v2\/types\/post"}],"author":[{"embeddable":true,"href":"https:\/\/ufpr.br\/propg\/wp-json\/wp\/v2\/users\/18"}],"replies":[{"embeddable":true,"href":"https:\/\/ufpr.br\/propg\/wp-json\/wp\/v2\/comments?post=7793"}],"version-history":[{"count":3,"href":"https:\/\/ufpr.br\/propg\/wp-json\/wp\/v2\/posts\/7793\/revisions"}],"predecessor-version":[{"id":18648,"href":"https:\/\/ufpr.br\/propg\/wp-json\/wp\/v2\/posts\/7793\/revisions\/18648"}],"wp:attachment":[{"href":"https:\/\/ufpr.br\/propg\/wp-json\/wp\/v2\/media?parent=7793"}],"wp:term":[{"taxonomy":"category","embeddable":true,"href":"https:\/\/ufpr.br\/propg\/wp-json\/wp\/v2\/categories?post=7793"},{"taxonomy":"post_tag","embeddable":true,"href":"https:\/\/ufpr.br\/propg\/wp-json\/wp\/v2\/tags?post=7793"}],"curies":[{"name":"wp","href":"https:\/\/api.w.org\/{rel}","templated":true}]}}