{"id":7719,"date":"2019-09-11T12:27:26","date_gmt":"2019-09-11T15:27:26","guid":{"rendered":"https:\/\/ufpr.br\/processo-seletivo-mestrado-e-doutorado-em-agronomia-producao-vegetal-2"},"modified":"2025-12-01T15:13:45","modified_gmt":"2025-12-01T18:13:45","slug":"processo-seletivo-mestrado-e-doutorado-em-agronomia-producao-vegetal-2","status":"publish","type":"post","link":"https:\/\/ufpr.br\/propg\/processo-seletivo-mestrado-e-doutorado-em-agronomia-producao-vegetal-2\/","title":{"rendered":"[Processo seletivo] Mestrado e doutorado em Agronomia Produ\u00e7\u00e3o Vegetal: inscri\u00e7\u00f5es at\u00e9 30 de setembro de 2019"},"content":{"rendered":"\n<p><strong>Per\u00edodo de Inscri\u00e7\u00f5es<\/strong><br>1 de Setembro \u00e0 23:59hs do dia 30 de Setembro de 2019<\/p>\n\n\n\n<p><strong>Primeira etapa<\/strong><br>Prova escrita: 21 de Outubro de 2019<\/p>\n\n\n\n<p><strong>Segunda etapa<\/strong><br>Entrevistas: 11 de Novembro de 2019<\/p>\n\n\n\n<p><strong>Linhas de Pesquisa<\/strong><\/p>\n\n\n\n<ul class=\"wp-block-list\">\n<li>Manejo de Culturas<\/li>\n\n\n\n<li>Manejo em Fitossanidade e Impacto Ambiental<\/li>\n\n\n\n<li>Morfog\u00eanese e Biotecnologia de Plantas<\/li>\n\n\n\n<li>Produ\u00e7\u00e3o Vegetal em Sistemas Integrados<\/li>\n<\/ul>\n\n\n\n<p>&nbsp;<\/p>\n\n\n\n<p>Informa\u00e7\u00f5es sobre o edital: <a href=\"http:\/\/www.agrarias.ufpr.br\/portal\/pgapv\" target=\"_blank\" rel=\"noreferrer noopener\">http:\/\/www.agrarias.ufpr.br\/portal\/pgapv<\/a><\/p>\n\n\n\n<figure class=\"wp-block-image size-full\"><a href=\"https:\/\/ufpr.br\/propg\/wp-content\/uploads\/2019\/09\/flyer_producao-vegetal_divulga_internet-768x435-1.jpg\"><img decoding=\"async\" src=\"https:\/\/ufpr.br\/propg\/wp-content\/uploads\/2019\/09\/flyer_producao-vegetal_divulga_internet-768x435-1.jpg\" alt=\"\" class=\"wp-image-32028\"\/><\/a><\/figure>\n\n\n\n<p><\/p>\n","protected":false},"excerpt":{"rendered":"<p>Per\u00edodo de Inscri\u00e7\u00f5es1 de Setembro \u00e0 23:59hs do dia 30 de Setembro de 2019 Primeira etapaProva escrita: 21 de Outubro de 2019 Segunda etapaEntrevistas: 11 de Novembro de 2019 Linhas de Pesquisa &nbsp; Informa\u00e7\u00f5es sobre o edital: http:\/\/www.agrarias.ufpr.br\/portal\/pgapv<\/p>\n","protected":false},"author":16,"featured_media":0,"comment_status":"open","ping_status":"open","sticky":false,"template":"","format":"standard","meta":{"footnotes":""},"categories":[381,386],"tags":[],"class_list":["post-7719","post","type-post","status-publish","format-standard","hentry","category-editais-e-processos-seletivos","category-mestrado-e-doutorado"],"_links":{"self":[{"href":"https:\/\/ufpr.br\/propg\/wp-json\/wp\/v2\/posts\/7719","targetHints":{"allow":["GET"]}}],"collection":[{"href":"https:\/\/ufpr.br\/propg\/wp-json\/wp\/v2\/posts"}],"about":[{"href":"https:\/\/ufpr.br\/propg\/wp-json\/wp\/v2\/types\/post"}],"author":[{"embeddable":true,"href":"https:\/\/ufpr.br\/propg\/wp-json\/wp\/v2\/users\/16"}],"replies":[{"embeddable":true,"href":"https:\/\/ufpr.br\/propg\/wp-json\/wp\/v2\/comments?post=7719"}],"version-history":[{"count":4,"href":"https:\/\/ufpr.br\/propg\/wp-json\/wp\/v2\/posts\/7719\/revisions"}],"predecessor-version":[{"id":18642,"href":"https:\/\/ufpr.br\/propg\/wp-json\/wp\/v2\/posts\/7719\/revisions\/18642"}],"wp:attachment":[{"href":"https:\/\/ufpr.br\/propg\/wp-json\/wp\/v2\/media?parent=7719"}],"wp:term":[{"taxonomy":"category","embeddable":true,"href":"https:\/\/ufpr.br\/propg\/wp-json\/wp\/v2\/categories?post=7719"},{"taxonomy":"post_tag","embeddable":true,"href":"https:\/\/ufpr.br\/propg\/wp-json\/wp\/v2\/tags?post=7719"}],"curies":[{"name":"wp","href":"https:\/\/api.w.org\/{rel}","templated":true}]}}