{"id":7644,"date":"2019-08-16T13:21:26","date_gmt":"2019-08-16T16:21:26","guid":{"rendered":"https:\/\/ufpr.br\/premio-three-minutes-thesis-colegiados-tem-ate-06-de-setembro-para-indicar-as-melhores-teses-e-dissertacoes"},"modified":"2025-12-01T15:11:03","modified_gmt":"2025-12-01T18:11:03","slug":"premio-three-minutes-thesis-colegiados-tem-ate-06-de-setembro-para-indicar-as-melhores-teses-e-dissertacoes","status":"publish","type":"post","link":"https:\/\/ufpr.br\/propg\/premio-three-minutes-thesis-colegiados-tem-ate-06-de-setembro-para-indicar-as-melhores-teses-e-dissertacoes\/","title":{"rendered":"[Three Minutes Thesis] Colegiados tem at\u00e9 06 de setembro para indicar as melhores teses e disserta\u00e7\u00f5es"},"content":{"rendered":"\n<p><strong>O prazo de envio das indica\u00e7\u00f5es para o\u00a0<strong><a href=\"https:\/\/ufpr.br\/propg\/cpgss\/premio-excelencia-academica\/premio-curta-ciencia-2019\/\" target=\"_blank\" rel=\"noreferrer noopener\">Pr\u00eamio Three Minutes Thesis<\/a><\/strong>\u00a0foi prorrogado e as informa\u00e7\u00f5es poder\u00e3o ser encaminhados at\u00e9 dia 06\/09\/2019.<\/strong><\/p>\n\n\n\n<p>Esta \u00e9 uma oportunidade para prestigiar e reconhecer o m\u00e9rito acad\u00eamico das teses e disserta\u00e7\u00f5es defendidas no \u00e2mbito da p\u00f3s-gradua\u00e7\u00e3o. Lembramos que, embora o foco inicial desta primeira edi\u00e7\u00e3o do pr\u00eamio sejam as teses, os colegiados tamb\u00e9m poder\u00e3o indicar disserta\u00e7\u00f5es (que entrar\u00e3o em uma fila de espera).\u00a0<a href=\"https:\/\/ufpr.br\/propg\/cpgss\/premio-excelencia-academica\/premio-curta-ciencia-2019\/\" target=\"_blank\" rel=\"noreferrer noopener\">Acesse aqui todas as orienta\u00e7\u00f5es<\/a>.<\/p>\n\n\n\n<p><\/p>\n","protected":false},"excerpt":{"rendered":"<p>O prazo de envio das indica\u00e7\u00f5es para o\u00a0Pr\u00eamio Three Minutes Thesis\u00a0foi prorrogado e as informa\u00e7\u00f5es poder\u00e3o ser encaminhados at\u00e9 dia 06\/09\/2019. Esta \u00e9 uma oportunidade para prestigiar e reconhecer o m\u00e9rito acad\u00eamico das teses e disserta\u00e7\u00f5es defendidas no \u00e2mbito da p\u00f3s-gradua\u00e7\u00e3o. Lembramos que, embora o foco inicial desta primeira edi\u00e7\u00e3o do pr\u00eamio sejam as teses, [&hellip;]<\/p>\n","protected":false},"author":16,"featured_media":0,"comment_status":"open","ping_status":"open","sticky":false,"template":"","format":"standard","meta":{"footnotes":""},"categories":[386],"tags":[],"class_list":["post-7644","post","type-post","status-publish","format-standard","hentry","category-mestrado-e-doutorado"],"_links":{"self":[{"href":"https:\/\/ufpr.br\/propg\/wp-json\/wp\/v2\/posts\/7644","targetHints":{"allow":["GET"]}}],"collection":[{"href":"https:\/\/ufpr.br\/propg\/wp-json\/wp\/v2\/posts"}],"about":[{"href":"https:\/\/ufpr.br\/propg\/wp-json\/wp\/v2\/types\/post"}],"author":[{"embeddable":true,"href":"https:\/\/ufpr.br\/propg\/wp-json\/wp\/v2\/users\/16"}],"replies":[{"embeddable":true,"href":"https:\/\/ufpr.br\/propg\/wp-json\/wp\/v2\/comments?post=7644"}],"version-history":[{"count":4,"href":"https:\/\/ufpr.br\/propg\/wp-json\/wp\/v2\/posts\/7644\/revisions"}],"predecessor-version":[{"id":18630,"href":"https:\/\/ufpr.br\/propg\/wp-json\/wp\/v2\/posts\/7644\/revisions\/18630"}],"wp:attachment":[{"href":"https:\/\/ufpr.br\/propg\/wp-json\/wp\/v2\/media?parent=7644"}],"wp:term":[{"taxonomy":"category","embeddable":true,"href":"https:\/\/ufpr.br\/propg\/wp-json\/wp\/v2\/categories?post=7644"},{"taxonomy":"post_tag","embeddable":true,"href":"https:\/\/ufpr.br\/propg\/wp-json\/wp\/v2\/tags?post=7644"}],"curies":[{"name":"wp","href":"https:\/\/api.w.org\/{rel}","templated":true}]}}