{"id":7587,"date":"2019-08-12T11:19:49","date_gmt":"2019-08-12T14:19:49","guid":{"rendered":"https:\/\/ufpr.br\/processo-seletivo-doutorado-em-engenharia-de-alimentos"},"modified":"2025-12-01T15:11:10","modified_gmt":"2025-12-01T18:11:10","slug":"processo-seletivo-doutorado-em-engenharia-de-alimentos","status":"publish","type":"post","link":"https:\/\/ufpr.br\/propg\/processo-seletivo-doutorado-em-engenharia-de-alimentos\/","title":{"rendered":"[Processo Seletivo] Doutorado em Engenharia de Alimentos"},"content":{"rendered":"\n<p>Est\u00e3o abertas as inscri\u00e7\u00f5es para o processo seletivo do curso de doutorado do Programa de P\u00f3s-gradua\u00e7\u00e3o em Engenharia de Alimentos da Universidade Federal do Paran\u00e1. As inscri\u00e7\u00f5es s\u00e3o realizadas exclusivamente pela plataforma SIGA (Sistema de Gest\u00e3o Acad\u00eamica), dispon\u00edvel no site&nbsp;<a href=\"http:\/\/www.posalim.ufpr.br\/\" target=\"_blank\" rel=\"noopener noreferrer\" data-saferedirecturl=\"https:\/\/www.google.com\/url?q=http:\/\/www.posalim.ufpr.br&amp;source=gmail&amp;ust=1565702686347000&amp;usg=AFQjCNH3_SRRnqTxtEFlO6mn0fbQpDR1Dw\">www.posalim.ufpr.br<\/a>, at\u00e9 o dia 03 de setembro de 2019 (n\u00e3o h\u00e1 taxa de inscri\u00e7\u00e3o).<\/p>\n\n\n\n<p>Mais informa\u00e7\u00f5es pelo site ou pelo e-mail <a href=\"mailto:selecao.ppgeal@ufpr.br\" target=\"_blank\" rel=\"noopener noreferrer\">selecao.ppgeal@ufpr.br<\/a><\/p>\n\n\n\n<figure class=\"wp-block-image size-full\"><img decoding=\"async\" src=\"https:\/\/ufpr.br\/propg\/wp-content\/uploads\/2019\/08\/folder-setembro-2019-ppgeal.jpg\" alt=\"\" class=\"wp-image-31978\"\/><\/figure>\n\n\n\n<p><\/p>\n","protected":false},"excerpt":{"rendered":"<p>Est\u00e3o abertas as inscri\u00e7\u00f5es para o processo seletivo do curso de doutorado do Programa de P\u00f3s-gradua\u00e7\u00e3o em Engenharia de Alimentos da Universidade Federal do Paran\u00e1. As inscri\u00e7\u00f5es s\u00e3o realizadas exclusivamente pela plataforma SIGA (Sistema de Gest\u00e3o Acad\u00eamica), dispon\u00edvel no site&nbsp;www.posalim.ufpr.br, at\u00e9 o dia 03 de setembro de 2019 (n\u00e3o h\u00e1 taxa de inscri\u00e7\u00e3o). Mais informa\u00e7\u00f5es [&hellip;]<\/p>\n","protected":false},"author":16,"featured_media":0,"comment_status":"open","ping_status":"open","sticky":false,"template":"","format":"standard","meta":{"footnotes":""},"categories":[381,386],"tags":[],"class_list":["post-7587","post","type-post","status-publish","format-standard","hentry","category-editais-e-processos-seletivos","category-mestrado-e-doutorado"],"_links":{"self":[{"href":"https:\/\/ufpr.br\/propg\/wp-json\/wp\/v2\/posts\/7587","targetHints":{"allow":["GET"]}}],"collection":[{"href":"https:\/\/ufpr.br\/propg\/wp-json\/wp\/v2\/posts"}],"about":[{"href":"https:\/\/ufpr.br\/propg\/wp-json\/wp\/v2\/types\/post"}],"author":[{"embeddable":true,"href":"https:\/\/ufpr.br\/propg\/wp-json\/wp\/v2\/users\/16"}],"replies":[{"embeddable":true,"href":"https:\/\/ufpr.br\/propg\/wp-json\/wp\/v2\/comments?post=7587"}],"version-history":[{"count":5,"href":"https:\/\/ufpr.br\/propg\/wp-json\/wp\/v2\/posts\/7587\/revisions"}],"predecessor-version":[{"id":18631,"href":"https:\/\/ufpr.br\/propg\/wp-json\/wp\/v2\/posts\/7587\/revisions\/18631"}],"wp:attachment":[{"href":"https:\/\/ufpr.br\/propg\/wp-json\/wp\/v2\/media?parent=7587"}],"wp:term":[{"taxonomy":"category","embeddable":true,"href":"https:\/\/ufpr.br\/propg\/wp-json\/wp\/v2\/categories?post=7587"},{"taxonomy":"post_tag","embeddable":true,"href":"https:\/\/ufpr.br\/propg\/wp-json\/wp\/v2\/tags?post=7587"}],"curies":[{"name":"wp","href":"https:\/\/api.w.org\/{rel}","templated":true}]}}