{"id":7582,"date":"2019-08-12T07:30:44","date_gmt":"2019-08-12T10:30:44","guid":{"rendered":"https:\/\/ufpr.br\/reitores-da-ufpr-e-da-ufpel-discutem-papel-da-ciencia-para-desenvolvimento-do-pais-e-programa-future-se-em-disciplina-transversal"},"modified":"2025-12-01T15:11:19","modified_gmt":"2025-12-01T18:11:19","slug":"reitores-da-ufpr-e-da-ufpel-discutem-papel-da-ciencia-para-desenvolvimento-do-pais-e-programa-future-se-em-disciplina-transversal","status":"publish","type":"post","link":"https:\/\/ufpr.br\/propg\/reitores-da-ufpr-e-da-ufpel-discutem-papel-da-ciencia-para-desenvolvimento-do-pais-e-programa-future-se-em-disciplina-transversal\/","title":{"rendered":"[Transversais] Reitores da UFPR e da UFPEL discutem papel da ci\u00eancia para desenvolvimento do pa\u00eds e programa Future-se em disciplina transversal"},"content":{"rendered":"\n<p>A aula inaugural da disciplina transversal \u201cMetodologia de Pesquisa Cient\u00edfica\u201d da Universidade Federal do Paran\u00e1 (UFPR) ser\u00e1 ministrada pelo reitor da Universidade Federal de Pelotas (UFPEL), Pedro Rodrigues Curi Hallal, juntamente ao reitor da UFPR, Ricardo Marcelo Fonseca. Os professores convidados discutir\u00e3o \u201cO papel da ci\u00eancia, tecnologia e inova\u00e7\u00e3o para o desenvolvimento do pa\u00eds\u201d e trar\u00e3o uma abordagem sobre o programa Future-se, proposto pelo Minist\u00e9rio da Educa\u00e7\u00e3o (MEC) para universidades e institutos federais. O encontro ser\u00e1 na pr\u00f3xima quarta-feira (14), \u00e0s 9h, no audit\u00f3rio do Centro de Ci\u00eancias Florestais da Madeira (Cifloma), no Campus Jardim Bot\u00e2nico da UFPR, em Curitiba. A aula inaugural tamb\u00e9m ser\u00e1 transmitida ao vivo pelo canal do&nbsp;<a href=\"https:\/\/www.youtube.com\/user\/TVUFPR\" target=\"_blank\" rel=\"noopener noreferrer\">YouTube da UFPR TV<\/a>.<\/p>\n\n\n\n<p>Para o coordenador dos programas de p\u00f3s-gradua\u00e7\u00e3o&nbsp;<em>stricto sensu<\/em>&nbsp;da UFPR, Andr\u00e9 Luiz Felix Rodacki, o debate pode trazer esclarecimentos para toda a comunidade. \u201cOs dois reitores s\u00e3o refer\u00eancia em suas \u00e1reas. Al\u00e9m de desempenhar suas fun\u00e7\u00f5es em reitorias de universidades federais, vivem a pesquisa no dia a dia. Ser\u00e1 uma discuss\u00e3o mais pr\u00f3xima acerca dos impactos do modelo proposto pelo MEC sobre a p\u00f3s-gradua\u00e7\u00e3o e as atividades de pesquisa na universidade\u201d, diz.<\/p>\n\n\n<div class=\"wp-block-image\">\n<figure class=\"aligncenter size-full\"><img decoding=\"async\" src=\"https:\/\/ufpr.br\/propg\/wp-content\/uploads\/2019\/08\/Disciplinas.jpg\" alt=\"\" class=\"wp-image-31963\"\/><\/figure><\/div>\n\n\n<p><\/p>\n\n\n\n<p>O pr\u00f3-reitor de Pesquisa e P\u00f3s-gradua\u00e7\u00e3o da UFPR, Francisco de Assis Mendon\u00e7a, destaca que a aula se transformar\u00e1 em um ato aberto p\u00fablico, somando um processo de discuss\u00e3o ampla sobre o Future-se na Universidade. \u201cAl\u00e9m de trazer refer\u00eancias em metodologia cient\u00edfica e pesquisa, a aula ocorre num momento hist\u00f3rico em que nos deparamos com o projeto Future-se, que trata de gest\u00e3o mas tamb\u00e9m toca o ensino, a pesquisa e a internacionaliza\u00e7\u00e3o\u201d.<\/p>\n\n\n\n<p>Ainda estar\u00e3o presentes outros convidados e estudantes de p\u00f3s-gradua\u00e7\u00e3o da disciplina transversal, que \u00e9 ofertada nas modalidades presencial e remota pela Pr\u00f3-reitoria de Pesquisa e P\u00f3s-gradua\u00e7\u00e3o (<a href=\"https:\/\/www.prppg.ufpr.br\/site\/\" target=\"_blank\" rel=\"noopener noreferrer\">PRPPG<\/a>) da UFPR por meio da Coordena\u00e7\u00e3o de Programas de P\u00f3s-gradua\u00e7\u00e3o&nbsp;<em>stricto sensu<\/em>.<\/p>\n\n\n\n<p>A disciplina transversal \u201cMetodologia de Pesquisa Cient\u00edfica\u201d \u00e9 coordenada pela professora Angela Couto Machado Fonseca, do Departamento de Direito Privado da UFPR. Os subcoordenadores s\u00e3o os professores Emerson Cervi, do Departamento de Ci\u00eancia Pol\u00edtica; Jo\u00e3o Rickli, do Departamento de Antropologia; Luciana Kalinke, do Departamento de Enfermagem; e David Alexander Mitchell, do Departamento de Bioqu\u00edmica e Biologia Molecular, todos da UFPR.<\/p>\n\n\n\n<p>&nbsp;<\/p>\n\n\n\n<p>Fonte:\u00a0\u00a0<a href=\"https:\/\/www.ufpr.br\/portalufpr\/noticias\/reitores-da-ufpr-e-da-ufpel-discutem-papel-da-ciencia-para-desenvolvimento-do-pais-e-projeto-future-se-em-disciplina-transversal\/\">Superintend\u00eancia de Comunica\u00e7\u00e3o Social da\u00a0<\/a>UFPR<\/p>\n","protected":false},"excerpt":{"rendered":"<p>A aula inaugural da disciplina transversal \u201cMetodologia de Pesquisa Cient\u00edfica\u201d da Universidade Federal do Paran\u00e1 (UFPR) ser\u00e1 ministrada pelo reitor da Universidade Federal de Pelotas (UFPEL), Pedro Rodrigues Curi Hallal, juntamente ao reitor da UFPR, Ricardo Marcelo Fonseca. Os professores convidados discutir\u00e3o \u201cO papel da ci\u00eancia, tecnologia e inova\u00e7\u00e3o para o desenvolvimento do pa\u00eds\u201d e [&hellip;]<\/p>\n","protected":false},"author":16,"featured_media":0,"comment_status":"open","ping_status":"open","sticky":false,"template":"","format":"standard","meta":{"footnotes":""},"categories":[386],"tags":[],"class_list":["post-7582","post","type-post","status-publish","format-standard","hentry","category-mestrado-e-doutorado"],"_links":{"self":[{"href":"https:\/\/ufpr.br\/propg\/wp-json\/wp\/v2\/posts\/7582","targetHints":{"allow":["GET"]}}],"collection":[{"href":"https:\/\/ufpr.br\/propg\/wp-json\/wp\/v2\/posts"}],"about":[{"href":"https:\/\/ufpr.br\/propg\/wp-json\/wp\/v2\/types\/post"}],"author":[{"embeddable":true,"href":"https:\/\/ufpr.br\/propg\/wp-json\/wp\/v2\/users\/16"}],"replies":[{"embeddable":true,"href":"https:\/\/ufpr.br\/propg\/wp-json\/wp\/v2\/comments?post=7582"}],"version-history":[{"count":5,"href":"https:\/\/ufpr.br\/propg\/wp-json\/wp\/v2\/posts\/7582\/revisions"}],"predecessor-version":[{"id":18632,"href":"https:\/\/ufpr.br\/propg\/wp-json\/wp\/v2\/posts\/7582\/revisions\/18632"}],"wp:attachment":[{"href":"https:\/\/ufpr.br\/propg\/wp-json\/wp\/v2\/media?parent=7582"}],"wp:term":[{"taxonomy":"category","embeddable":true,"href":"https:\/\/ufpr.br\/propg\/wp-json\/wp\/v2\/categories?post=7582"},{"taxonomy":"post_tag","embeddable":true,"href":"https:\/\/ufpr.br\/propg\/wp-json\/wp\/v2\/tags?post=7582"}],"curies":[{"name":"wp","href":"https:\/\/api.w.org\/{rel}","templated":true}]}}