{"id":7046,"date":"2019-05-10T08:53:20","date_gmt":"2019-05-10T11:53:20","guid":{"rendered":"https:\/\/ufpr.br\/noticia-suspensao-de-bolsas-capes"},"modified":"2025-12-01T15:02:33","modified_gmt":"2025-12-01T18:02:33","slug":"noticia-suspensao-de-bolsas-capes","status":"publish","type":"post","link":"https:\/\/ufpr.br\/propg\/noticia-suspensao-de-bolsas-capes\/","title":{"rendered":"[Not\u00edcia] Suspens\u00e3o de bolsas Capes n\u00e3o afeta quem j\u00e1 recebe o benef\u00edcio"},"content":{"rendered":"\n<p>Nesta quarta-feira (8), a Pr\u00f3-Reitoria de Pesquisa e P\u00f3s-Gradua\u00e7\u00e3o (PRPPG) da Universidade Federal do Paran\u00e1 (UFPR) foi comunicada que 127 bolsas de estudo ofertadas aos seus estudantes pela Coordena\u00e7\u00e3o de Aperfei\u00e7oamento de Pessoal de N\u00edvel Superior (Capes) foram suspensas. A a\u00e7\u00e3o n\u00e3o atinge alunos que j\u00e1 est\u00e3o cursando mestrado, doutorado e p\u00f3s-doutorado e recebem o aux\u00edlio, mas apenas aquelas bolsas que est\u00e3o vacantes no momento por ainda n\u00e3o terem sido atribu\u00eddas a outro estudante.<\/p>\n\n\n\n<p>O Pr\u00f3-Reitor de Pesquisa e P\u00f3s-Gradua\u00e7\u00e3o, Francisco de Assis Mendon\u00e7a, explica que algumas bolsas ficam um per\u00edodo de um a tr\u00eas meses sem atribui\u00e7\u00e3o devido \u00e0 troca de benefici\u00e1rio. \u201cS\u00e3o aquelas que eram destinadas a alunos que finalizaram seus cursos. Portanto, esse recurso deve ser repassado a um novo estudante que h\u00e1 pouco ingressou ou vai ingressar no programa. Destaco que as bolsas que j\u00e1 est\u00e3o implantadas na universidade n\u00e3o foram suspensas\u201d.<\/p>\n\n\n\n<p>Mendon\u00e7a afirma que a UFPR, juntamente a todos os pr\u00f3-reitores da \u00e1rea de pesquisa e p\u00f3s-gradua\u00e7\u00e3o e \u00e0s entidades brasileiras ligadas \u00e0 pesquisa, est\u00e3o desenvolvendo uma a\u00e7\u00e3o de devolu\u00e7\u00e3o dessas bolsas junto a Capes. \u201cA demanda de bolsas \u00e9 muito maior do que o n\u00famero que foi suspenso. A ci\u00eancia brasileira necessita desse apoio financeiro para que, por meio dos estudantes, seja desenvolvida\u201d.<\/p>\n\n\n\n<p>Durante essa semana, cerca de 200 pr\u00f3-reitores de pesquisa e p\u00f3s-gradua\u00e7\u00e3o de toda a regi\u00e3o sul do Pa\u00eds se reuniram em Florian\u00f3polis para debater e elaborar um documento, enviado \u00e0 Capes, contra a suspens\u00e3o de recursos, dada&nbsp; a necessidade da ci\u00eancia brasileira. Encontros similares est\u00e3o acontecendo em todas as regi\u00f5es do Pa\u00eds. \u201cAs universidades est\u00e3o atuando em conjunto e tamb\u00e9m aliadas \u00e0 Sociedade Brasileira para o Progresso da Ci\u00eancia (SBPC) para demandar a devolu\u00e7\u00e3o imediata dessas bolsas\u201d, salienta o pr\u00f3-reitor da UFPR.<\/p>\n\n\n\n<p>Na pr\u00e1tica, temporariamente, n\u00e3o existe a disponibilidade de bolsas em mesma quantidade de alunos demandantes e que rec\u00e9m ingressaram na institui\u00e7\u00e3o. A orienta\u00e7\u00e3o da PRPPG \u00e9 que aqueles estudantes que se matricularam nos cursos com a inten\u00e7\u00e3o de pleitear o aux\u00edlio n\u00e3o desistam dos estudos, pois a UFPR est\u00e1 trabalhando arduamente para que, al\u00e9m da devolu\u00e7\u00e3o dessas bolsas suspensas, novas bolsas sejam destinadas \u00e0 institui\u00e7\u00e3o.<\/p>\n\n\n\n<p>\u201cEntre 2018 e 2019 tivemos dez novos cursos aprovados entre mestrado e doutorado para os quais imagin\u00e1vamos ter bolsas dispon\u00edveis. Ante a esse corte, n\u00e3o podemos garanti-las j\u00e1 que ainda n\u00e3o haviam sido atribu\u00eddas e por isso foram suspensas. A universidade tem, historicamente, aumentado o n\u00famero de alunos e, portanto, tamb\u00e9m precisa aumentar o n\u00famero de bolsas. S\u00e3o lutas paralelas que se somam para que possamos atender todos os pleiteantes e para que eles sejam capazes de desenvolver, da melhor forma poss\u00edvel, sua forma\u00e7\u00e3o\u201d, finaliza Mendon\u00e7a.<\/p>\n\n\n\n<p>Acompanhe tamb\u00e9m na mat\u00e9ria da UFPR TV:\u00a0<a href=\"https:\/\/www.youtube.com\/watch?list=PLL0F8St54WmQkGlTid4pLKhV7M7k8KbGL&amp;time_continue=10&amp;v=e2fx9Awj_Cg\" target=\"_blank\" rel=\"noreferrer noopener\">Informa \u2013 Capes bloqueia bolsas de pesquisa<\/a><\/p>\n\n\n\n<p>\u00a0\u00a0<\/p>\n\n\n\n<p>Veja abaixo a not\u00edcia na \u00edntegra:<\/p>\n\n\n\n<p><a href=\"https:\/\/www.ufpr.br\/portalufpr\/noticias\/suspensao-de-bolsas-de-estudo-nao-afeta-estudantes-que-ja-recebem-o-beneficio-127-bolsas-que-seriam-destinadas-a-novos-alunos-foram-atingidas\" target=\"_blank\" rel=\"noreferrer noopener\">https:\/\/www.ufpr.br\/portalufpr\/noticias\/suspensao-de-bolsas-de-estudo-nao-afeta-estudantes-que-ja-recebem-o-beneficio-127-bolsas-que-seriam-destinadas-a-novos-alunos-foram-atingidas<\/a><\/p>\n","protected":false},"excerpt":{"rendered":"<p>Nesta quarta-feira (8), a Pr\u00f3-Reitoria de Pesquisa e P\u00f3s-Gradua\u00e7\u00e3o (PRPPG) da Universidade Federal do Paran\u00e1 (UFPR) foi comunicada que 127 bolsas de estudo ofertadas aos seus estudantes pela Coordena\u00e7\u00e3o de Aperfei\u00e7oamento de Pessoal de N\u00edvel Superior (Capes) foram suspensas. A a\u00e7\u00e3o n\u00e3o atinge alunos que j\u00e1 est\u00e3o cursando mestrado, doutorado e p\u00f3s-doutorado e recebem o [&hellip;]<\/p>\n","protected":false},"author":16,"featured_media":0,"comment_status":"open","ping_status":"open","sticky":false,"template":"","format":"standard","meta":{"footnotes":""},"categories":[386],"tags":[],"class_list":["post-7046","post","type-post","status-publish","format-standard","hentry","category-mestrado-e-doutorado"],"_links":{"self":[{"href":"https:\/\/ufpr.br\/propg\/wp-json\/wp\/v2\/posts\/7046","targetHints":{"allow":["GET"]}}],"collection":[{"href":"https:\/\/ufpr.br\/propg\/wp-json\/wp\/v2\/posts"}],"about":[{"href":"https:\/\/ufpr.br\/propg\/wp-json\/wp\/v2\/types\/post"}],"author":[{"embeddable":true,"href":"https:\/\/ufpr.br\/propg\/wp-json\/wp\/v2\/users\/16"}],"replies":[{"embeddable":true,"href":"https:\/\/ufpr.br\/propg\/wp-json\/wp\/v2\/comments?post=7046"}],"version-history":[{"count":3,"href":"https:\/\/ufpr.br\/propg\/wp-json\/wp\/v2\/posts\/7046\/revisions"}],"predecessor-version":[{"id":18594,"href":"https:\/\/ufpr.br\/propg\/wp-json\/wp\/v2\/posts\/7046\/revisions\/18594"}],"wp:attachment":[{"href":"https:\/\/ufpr.br\/propg\/wp-json\/wp\/v2\/media?parent=7046"}],"wp:term":[{"taxonomy":"category","embeddable":true,"href":"https:\/\/ufpr.br\/propg\/wp-json\/wp\/v2\/categories?post=7046"},{"taxonomy":"post_tag","embeddable":true,"href":"https:\/\/ufpr.br\/propg\/wp-json\/wp\/v2\/tags?post=7046"}],"curies":[{"name":"wp","href":"https:\/\/api.w.org\/{rel}","templated":true}]}}