{"id":7044,"date":"2019-05-10T08:50:14","date_gmt":"2019-05-10T11:50:14","guid":{"rendered":"https:\/\/ufpr.br\/11339-2"},"modified":"2025-12-01T15:02:41","modified_gmt":"2025-12-01T18:02:41","slug":"11339-2","status":"publish","type":"post","link":"https:\/\/ufpr.br\/propg\/11339-2\/","title":{"rendered":"[Comunicado da PRPPG] Bloqueio de bolsas CAPES"},"content":{"rendered":"\n<p>A Universidade Federal do Paran\u00e1, assim como as demais Universidades Federais, tem sido alvo de substanciais cortes\/contingenciamentos or\u00e7ament\u00e1rios impostos pelo Governo Federal, o que amea\u00e7a a continuidade das atividades de ensino, pesquisa e extens\u00e3o destas institui\u00e7\u00f5es. Neste contexto a CAPES anunciou, no dia de ontem, atrav\u00e9s do <a href=\"https:\/\/ufpr.br\/propg\/wp-content\/uploads\/2025\/10\/oficio_circular_capes.pdf\" target=\"_blank\" rel=\"noreferrer noopener\">Of\u00edcio Circular n\u00ba 1\/2019-GAB\/PR\/CAPES <\/a>que \u201cem fun\u00e7\u00e3o do bloqueio da dota\u00e7\u00e3o or\u00e7ament\u00e1ria imposto pelo Minist\u00e9rio da Economia\u201d, \u201crecolheu as bolsas e as taxas escolares n\u00e3o utilizadas\u201d dos programas \u201cDemanda Social (DS), Excel\u00eancia Acad\u00eamica (PROEX), Suporte \u00e0 P\u00f3s-gradua\u00e7\u00e3o de Institui\u00e7\u00f5es Comunit\u00e1rias de Ensino Superior (PROSUC), Suporte \u00e0 P\u00f3s-gradua\u00e7\u00e3o de Institui\u00e7\u00f5es de Ensino Particulares (PROSUP) e programa Nacional de P\u00f3s-Doutorado (PNPD\/CAPES)\u201d.<\/p>\n\n\n\n<p>Oportuno esclarecer, neste momento, que h\u00e1 anos a UFPR possui indicadores que apontam para um elevado percentual de uso efetivo das bolsas alocadas aos Programas Strictu Senso da institui\u00e7\u00e3o. Por exemplo, em 2018, 98% das bolsas concedidas pela CAPES foram utilizadas, o que revela a import\u00e2ncia destes recursos para o desenvolvimento das atividades de pesquisa e p\u00f3s-gradua\u00e7\u00e3o. O recolhimento das bolsas nos dias atuais, conforme oficio mencionada acima, envolveu (al\u00e9m das bolsas de Excel\u00eancia Acad\u00eamica) 40 bolsas de Mestrado, 40 bolsas de Doutorado da Demanda Social e 10 bolsas de P\u00f3s-doutorado da UFPR. Destas 90 bolsas, cabe destacar que as mesmas n\u00e3o podem ser consideradas como \u201cn\u00e3o utilizadas\u201d, visto que existe um interst\u00edcio para substituir os benefici\u00e1rios, ou ainda para concluir os processos seletivos em curso. Em alguns casos as bolsas novas, atribu\u00eddas a programas rec\u00e9m-abertos, foram recolhidas sem que os programas tivessem possibilidade de implement\u00e1-las.<\/p>\n\n\n\n<p>O recolhimento das bolsas \u201cn\u00e3o utilizadas\u201d impacta pesadamente sobre a Universidade e especialmente sobre seus alunos. Os alunos que haviam sido aprovados em processos seletivos recentes, matriculados nos cursos para os quais foram selecionados, por exemplo, e que aguardavam o calend\u00e1rio da CAPES para registro das bolsas n\u00e3o poder\u00e3o contar com este benef\u00edcio. Torna-se preocupante o fato de que parte destes alunos est\u00e3o em processo de mudan\u00e7a de local de moradia (de cidades, de estados ou de pa\u00edses) para se dedicarem \u00e0 p\u00f3s-gradua\u00e7\u00e3o, ser\u00e3o ser severamente prejudicados por esta medida.<\/p>\n\n\n\n<p>A UFPR, particularmente a PRPPG, est\u00e1 em contato com a CAPES a fim de reverter os bloqueios que foram aplicados \u00e0s bolsas e demais fomentos para a pesquisa e p\u00f3s-gradua\u00e7\u00e3o. Em associa\u00e7\u00e3o ao FOPROP-SUL (F\u00f3rum dos Pr\u00f3-reitores de P\u00f3s-gradua\u00e7\u00e3o e Pesquisa da Regi\u00e3o Sul \u2013 Carta de Porto Alegre anexa) e \u00e0 outras institui\u00e7\u00f5es como a SBPC, a PRPPG est\u00e1 atuando institucionalmente na defesa da Educa\u00e7\u00e3o e da P\u00f3s-gradua\u00e7\u00e3o e da Pesquisa no pa\u00eds.<\/p>\n\n\n\n<p>Prof Francisco Mendon\u00e7a<br>PRPPG\/Pr\u00f3-reitor<\/p>\n\n\n\n<p>&nbsp;<\/p>\n\n\n\n<p>Acompanhe tamb\u00e9m na mat\u00e9ria da UFPR TV: <a href=\"https:\/\/www.youtube.com\/watch?list=PLL0F8St54WmQkGlTid4pLKhV7M7k8KbGL&amp;time_continue=10&amp;v=e2fx9Awj_Cg\" target=\"_blank\" rel=\"noopener\">Informa \u2013 Capes bloqueia bolsas de pesquisa<\/a><\/p>\n\n\n\n<p>&nbsp;<\/p>\n","protected":false},"excerpt":{"rendered":"<p>A Universidade Federal do Paran\u00e1, assim como as demais Universidades Federais, tem sido alvo de substanciais cortes\/contingenciamentos or\u00e7ament\u00e1rios impostos pelo Governo Federal, o que amea\u00e7a a continuidade das atividades de ensino, pesquisa e extens\u00e3o destas institui\u00e7\u00f5es. Neste contexto a CAPES anunciou, no dia de ontem, atrav\u00e9s do Of\u00edcio Circular n\u00ba 1\/2019-GAB\/PR\/CAPES que \u201cem fun\u00e7\u00e3o do [&hellip;]<\/p>\n","protected":false},"author":16,"featured_media":0,"comment_status":"open","ping_status":"open","sticky":false,"template":"","format":"standard","meta":{"footnotes":""},"categories":[386],"tags":[],"class_list":["post-7044","post","type-post","status-publish","format-standard","hentry","category-mestrado-e-doutorado"],"_links":{"self":[{"href":"https:\/\/ufpr.br\/propg\/wp-json\/wp\/v2\/posts\/7044","targetHints":{"allow":["GET"]}}],"collection":[{"href":"https:\/\/ufpr.br\/propg\/wp-json\/wp\/v2\/posts"}],"about":[{"href":"https:\/\/ufpr.br\/propg\/wp-json\/wp\/v2\/types\/post"}],"author":[{"embeddable":true,"href":"https:\/\/ufpr.br\/propg\/wp-json\/wp\/v2\/users\/16"}],"replies":[{"embeddable":true,"href":"https:\/\/ufpr.br\/propg\/wp-json\/wp\/v2\/comments?post=7044"}],"version-history":[{"count":3,"href":"https:\/\/ufpr.br\/propg\/wp-json\/wp\/v2\/posts\/7044\/revisions"}],"predecessor-version":[{"id":18597,"href":"https:\/\/ufpr.br\/propg\/wp-json\/wp\/v2\/posts\/7044\/revisions\/18597"}],"wp:attachment":[{"href":"https:\/\/ufpr.br\/propg\/wp-json\/wp\/v2\/media?parent=7044"}],"wp:term":[{"taxonomy":"category","embeddable":true,"href":"https:\/\/ufpr.br\/propg\/wp-json\/wp\/v2\/categories?post=7044"},{"taxonomy":"post_tag","embeddable":true,"href":"https:\/\/ufpr.br\/propg\/wp-json\/wp\/v2\/tags?post=7044"}],"curies":[{"name":"wp","href":"https:\/\/api.w.org\/{rel}","templated":true}]}}