{"id":6914,"date":"2019-04-12T15:50:47","date_gmt":"2019-04-12T18:50:47","guid":{"rendered":"https:\/\/ufpr.br\/comunicado-capes-premio-capes-de-tese-edicao-2019-edital-n-o-6-2019"},"modified":"2025-12-01T14:52:26","modified_gmt":"2025-12-01T17:52:26","slug":"comunicado-capes-premio-capes-de-tese-edicao-2019-edital-n-o-6-2019","status":"publish","type":"post","link":"https:\/\/ufpr.br\/propg\/comunicado-capes-premio-capes-de-tese-edicao-2019-edital-n-o-6-2019\/","title":{"rendered":"[Comunicado Capes] Pr\u00eamio Capes de Tese &#8211; Edi\u00e7\u00e3o 2019 Edital n.\u00ba 6\/2019"},"content":{"rendered":"\n<p>Acesse o Edital no link abaixo:<\/p>\n\n\n\n<p><a href=\"https:\/\/ufpr.br\/propg\/wp-content\/uploads\/2025\/10\/prmio-capes-de-teses_edio_2019.pdf\" target=\"_blank\" rel=\"noreferrer noopener\">Pr\u00eamio CAPES de Teses_Edi\u00e7\u00e3o_2019<\/a><\/p>\n\n\n\n<p><\/p>\n","protected":false},"excerpt":{"rendered":"<p>Acesse o Edital no link abaixo: Pr\u00eamio CAPES de Teses_Edi\u00e7\u00e3o_2019<\/p>\n","protected":false},"author":16,"featured_media":0,"comment_status":"open","ping_status":"open","sticky":false,"template":"","format":"standard","meta":{"footnotes":""},"categories":[386],"tags":[],"class_list":["post-6914","post","type-post","status-publish","format-standard","hentry","category-mestrado-e-doutorado"],"_links":{"self":[{"href":"https:\/\/ufpr.br\/propg\/wp-json\/wp\/v2\/posts\/6914","targetHints":{"allow":["GET"]}}],"collection":[{"href":"https:\/\/ufpr.br\/propg\/wp-json\/wp\/v2\/posts"}],"about":[{"href":"https:\/\/ufpr.br\/propg\/wp-json\/wp\/v2\/types\/post"}],"author":[{"embeddable":true,"href":"https:\/\/ufpr.br\/propg\/wp-json\/wp\/v2\/users\/16"}],"replies":[{"embeddable":true,"href":"https:\/\/ufpr.br\/propg\/wp-json\/wp\/v2\/comments?post=6914"}],"version-history":[{"count":3,"href":"https:\/\/ufpr.br\/propg\/wp-json\/wp\/v2\/posts\/6914\/revisions"}],"predecessor-version":[{"id":18581,"href":"https:\/\/ufpr.br\/propg\/wp-json\/wp\/v2\/posts\/6914\/revisions\/18581"}],"wp:attachment":[{"href":"https:\/\/ufpr.br\/propg\/wp-json\/wp\/v2\/media?parent=6914"}],"wp:term":[{"taxonomy":"category","embeddable":true,"href":"https:\/\/ufpr.br\/propg\/wp-json\/wp\/v2\/categories?post=6914"},{"taxonomy":"post_tag","embeddable":true,"href":"https:\/\/ufpr.br\/propg\/wp-json\/wp\/v2\/tags?post=6914"}],"curies":[{"name":"wp","href":"https:\/\/api.w.org\/{rel}","templated":true}]}}