{"id":6913,"date":"2019-04-10T08:24:23","date_gmt":"2019-04-10T11:24:23","guid":{"rendered":"https:\/\/ufpr.br\/processo-seletivo-mestrado-no-programa-de-pos-graduacao-em-engenharia-ambiental"},"modified":"2025-12-01T14:52:36","modified_gmt":"2025-12-01T17:52:36","slug":"processo-seletivo-mestrado-no-programa-de-pos-graduacao-em-engenharia-ambiental","status":"publish","type":"post","link":"https:\/\/ufpr.br\/propg\/processo-seletivo-mestrado-no-programa-de-pos-graduacao-em-engenharia-ambiental\/","title":{"rendered":"[Processo Seletivo] Mestrado em Engenharia Ambiental"},"content":{"rendered":"\n<p>Est\u00e1 aberto o Processo Seletivo de Mestrado em Engenharia Ambiental na UFPR para ingresso ao longo de 2019.<\/p>\n\n\n\n<p>As inscri\u00e7\u00f5es v\u00e3o at\u00e9&nbsp;<strong>13\/05\/2019<\/strong>&nbsp;com prova a ser realizada no dia 18\/05\/2019. Para mais informa\u00e7\u00f5es consultar o edital dispon\u00edvel na p\u00e1gina:<\/p>\n\n\n\n<p><a href=\"https:\/\/www.prppg.ufpr.br\/site\/ppgea\/\" target=\"_blank\" rel=\"noreferrer noopener\">https:\/\/www.prppg.ufpr.br\/site\/ppgea\/<\/a><\/p>\n","protected":false},"excerpt":{"rendered":"<p>Est\u00e1 aberto o Processo Seletivo de Mestrado em Engenharia Ambiental na UFPR para ingresso ao longo de 2019. As inscri\u00e7\u00f5es v\u00e3o at\u00e9&nbsp;13\/05\/2019&nbsp;com prova a ser realizada no dia 18\/05\/2019. Para mais informa\u00e7\u00f5es consultar o edital dispon\u00edvel na p\u00e1gina: https:\/\/www.prppg.ufpr.br\/site\/ppgea\/<\/p>\n","protected":false},"author":18,"featured_media":0,"comment_status":"open","ping_status":"open","sticky":false,"template":"","format":"standard","meta":{"footnotes":""},"categories":[381,386],"tags":[],"class_list":["post-6913","post","type-post","status-publish","format-standard","hentry","category-editais-e-processos-seletivos","category-mestrado-e-doutorado"],"_links":{"self":[{"href":"https:\/\/ufpr.br\/propg\/wp-json\/wp\/v2\/posts\/6913","targetHints":{"allow":["GET"]}}],"collection":[{"href":"https:\/\/ufpr.br\/propg\/wp-json\/wp\/v2\/posts"}],"about":[{"href":"https:\/\/ufpr.br\/propg\/wp-json\/wp\/v2\/types\/post"}],"author":[{"embeddable":true,"href":"https:\/\/ufpr.br\/propg\/wp-json\/wp\/v2\/users\/18"}],"replies":[{"embeddable":true,"href":"https:\/\/ufpr.br\/propg\/wp-json\/wp\/v2\/comments?post=6913"}],"version-history":[{"count":3,"href":"https:\/\/ufpr.br\/propg\/wp-json\/wp\/v2\/posts\/6913\/revisions"}],"predecessor-version":[{"id":18583,"href":"https:\/\/ufpr.br\/propg\/wp-json\/wp\/v2\/posts\/6913\/revisions\/18583"}],"wp:attachment":[{"href":"https:\/\/ufpr.br\/propg\/wp-json\/wp\/v2\/media?parent=6913"}],"wp:term":[{"taxonomy":"category","embeddable":true,"href":"https:\/\/ufpr.br\/propg\/wp-json\/wp\/v2\/categories?post=6913"},{"taxonomy":"post_tag","embeddable":true,"href":"https:\/\/ufpr.br\/propg\/wp-json\/wp\/v2\/tags?post=6913"}],"curies":[{"name":"wp","href":"https:\/\/api.w.org\/{rel}","templated":true}]}}