{"id":6880,"date":"2019-04-02T13:41:59","date_gmt":"2019-04-02T16:41:59","guid":{"rendered":"https:\/\/ufpr.br\/atualizada-teste-de-suficiencia-em-lingua-estrangeira-1o-semestre-de-2019-edital-no-43-2019"},"modified":"2025-12-01T14:53:06","modified_gmt":"2025-12-01T17:53:06","slug":"atualizada-teste-de-suficiencia-em-lingua-estrangeira-1o-semestre-de-2019-edital-no-43-2019","status":"publish","type":"post","link":"https:\/\/ufpr.br\/propg\/atualizada-teste-de-suficiencia-em-lingua-estrangeira-1o-semestre-de-2019-edital-no-43-2019\/","title":{"rendered":"[Inscri\u00e7\u00f5es abertas] Teste de Sufici\u00eancia em L\u00edngua Estrangeira"},"content":{"rendered":"\n<p>As inscri\u00e7\u00f5es para o Teste de Sufici\u00eancia em L\u00edngua Estrangeira (Edital N\u00ba 43\/2019) j\u00e1 podem ser realizadas diretamente na <a href=\"http:\/\/portal.nc.ufpr.br\/PortalNC\/Home\" target=\"_blank\" rel=\"noreferrer noopener\">p\u00e1gina do NC-UFPR<\/a> e\u00a0 v\u00e3o at\u00e9 dia 22\/04\/2019.<\/p>\n\n\n\n<p>De acordo com o edital a prova ser\u00e1 realizada na cidade de Curitiba, no dia 19\/05\/2019, com in\u00edcio \u00e0s 09h00 min e dura\u00e7\u00e3o de 2 (duas) horas.<\/p>\n\n\n\n<p>Confira o edital na \u00edntegra e maiores detalhes na p\u00e1gina do N\u00facleo de Concursos (NC-UFPR):\u00a0<a href=\"http:\/\/portal.nc.ufpr.br\/PortalNC\/Concurso?concurso=LEM2019-1\" target=\"_blank\" rel=\"noreferrer noopener\">http:\/\/portal.nc.ufpr.br\/PortalNC\/Concurso?concurso=LEM2019-1<\/a><\/p>\n\n\n\n<p>&nbsp;<\/p>\n\n\n\n<p><a href=\"https:\/\/www.ufpr.br\/portalufpr\/noticias\/inscricoes-abertas-ate-22-4-para-o-teste-de-suficiencia-em-lingua-estrangeira-moderna-da-prppg-pos-graduacao-mestrado-doutorado-ingles-exame-prova\/\" target=\"_blank\" rel=\"noreferrer noopener\">Not\u00edcia na p\u00e1gina da UFPR<\/a><\/p>\n","protected":false},"excerpt":{"rendered":"<p>As inscri\u00e7\u00f5es para o Teste de Sufici\u00eancia em L\u00edngua Estrangeira (Edital N\u00ba 43\/2019) j\u00e1 podem ser realizadas diretamente na p\u00e1gina do NC-UFPR e\u00a0 v\u00e3o at\u00e9 dia 22\/04\/2019. De acordo com o edital a prova ser\u00e1 realizada na cidade de Curitiba, no dia 19\/05\/2019, com in\u00edcio \u00e0s 09h00 min e dura\u00e7\u00e3o de 2 (duas) horas. Confira [&hellip;]<\/p>\n","protected":false},"author":18,"featured_media":0,"comment_status":"open","ping_status":"open","sticky":false,"template":"","format":"standard","meta":{"footnotes":""},"categories":[381,386],"tags":[],"class_list":["post-6880","post","type-post","status-publish","format-standard","hentry","category-editais-e-processos-seletivos","category-mestrado-e-doutorado"],"_links":{"self":[{"href":"https:\/\/ufpr.br\/propg\/wp-json\/wp\/v2\/posts\/6880","targetHints":{"allow":["GET"]}}],"collection":[{"href":"https:\/\/ufpr.br\/propg\/wp-json\/wp\/v2\/posts"}],"about":[{"href":"https:\/\/ufpr.br\/propg\/wp-json\/wp\/v2\/types\/post"}],"author":[{"embeddable":true,"href":"https:\/\/ufpr.br\/propg\/wp-json\/wp\/v2\/users\/18"}],"replies":[{"embeddable":true,"href":"https:\/\/ufpr.br\/propg\/wp-json\/wp\/v2\/comments?post=6880"}],"version-history":[{"count":3,"href":"https:\/\/ufpr.br\/propg\/wp-json\/wp\/v2\/posts\/6880\/revisions"}],"predecessor-version":[{"id":18588,"href":"https:\/\/ufpr.br\/propg\/wp-json\/wp\/v2\/posts\/6880\/revisions\/18588"}],"wp:attachment":[{"href":"https:\/\/ufpr.br\/propg\/wp-json\/wp\/v2\/media?parent=6880"}],"wp:term":[{"taxonomy":"category","embeddable":true,"href":"https:\/\/ufpr.br\/propg\/wp-json\/wp\/v2\/categories?post=6880"},{"taxonomy":"post_tag","embeddable":true,"href":"https:\/\/ufpr.br\/propg\/wp-json\/wp\/v2\/tags?post=6880"}],"curies":[{"name":"wp","href":"https:\/\/api.w.org\/{rel}","templated":true}]}}