{"id":6862,"date":"2019-03-28T08:20:05","date_gmt":"2019-03-28T11:20:05","guid":{"rendered":"https:\/\/ufpr.br\/edital-2019-inscricoes-homologadas"},"modified":"2025-12-01T14:49:23","modified_gmt":"2025-12-01T17:49:23","slug":"edital-2019-inscricoes-homologadas","status":"publish","type":"post","link":"https:\/\/ufpr.br\/propg\/edital-2019-inscricoes-homologadas\/","title":{"rendered":"[Edital 2019] Inscri\u00e7\u00f5es Homologadas"},"content":{"rendered":"\n<p><span style=\"font-size: 14pt;\">A Coordenadoria de Inicia\u00e7\u00e3o Cient\u00edfica e Integra\u00e7\u00e3o Acad\u00eamica informa que j\u00e1 est\u00e1&nbsp;<\/span><span style=\"font-size: 14pt;\">dispon\u00edvel a homologa\u00e7\u00e3o das inscri\u00e7\u00f5es para o Edital&nbsp;2019 \u2013 PICDTI \u2013 PRPPG\/UFPR<\/span><\/p>\n\n\n\n<p>Para acessar: <a href=\"https:\/\/ufpr.br\/propg\/ict\/resultados\/\" target=\"_blank\" rel=\"noreferrer noopener\">CLIQUE AQUI<\/a><\/p>\n\n\n\n<p>Prazo para recursos&nbsp;de 28\/03\/2019 a 29\/03\/2019, orienta\u00e7\u00f5es na \u00faltima p\u00e1gina da publica\u00e7\u00e3o.<\/p>\n","protected":false},"excerpt":{"rendered":"<p>A Coordenadoria de Inicia\u00e7\u00e3o Cient\u00edfica e Integra\u00e7\u00e3o Acad\u00eamica informa que j\u00e1 est\u00e1&nbsp;dispon\u00edvel a homologa\u00e7\u00e3o das inscri\u00e7\u00f5es para o Edital&nbsp;2019 \u2013 PICDTI \u2013 PRPPG\/UFPR Para acessar: CLIQUE AQUI Prazo para recursos&nbsp;de 28\/03\/2019 a 29\/03\/2019, orienta\u00e7\u00f5es na \u00faltima p\u00e1gina da publica\u00e7\u00e3o.<\/p>\n","protected":false},"author":17,"featured_media":0,"comment_status":"open","ping_status":"open","sticky":false,"template":"","format":"standard","meta":{"footnotes":""},"categories":[381,384],"tags":[],"class_list":["post-6862","post","type-post","status-publish","format-standard","hentry","category-editais-e-processos-seletivos","category-iniciacao-cientifica-e-tecnologica"],"_links":{"self":[{"href":"https:\/\/ufpr.br\/propg\/wp-json\/wp\/v2\/posts\/6862","targetHints":{"allow":["GET"]}}],"collection":[{"href":"https:\/\/ufpr.br\/propg\/wp-json\/wp\/v2\/posts"}],"about":[{"href":"https:\/\/ufpr.br\/propg\/wp-json\/wp\/v2\/types\/post"}],"author":[{"embeddable":true,"href":"https:\/\/ufpr.br\/propg\/wp-json\/wp\/v2\/users\/17"}],"replies":[{"embeddable":true,"href":"https:\/\/ufpr.br\/propg\/wp-json\/wp\/v2\/comments?post=6862"}],"version-history":[{"count":3,"href":"https:\/\/ufpr.br\/propg\/wp-json\/wp\/v2\/posts\/6862\/revisions"}],"predecessor-version":[{"id":18560,"href":"https:\/\/ufpr.br\/propg\/wp-json\/wp\/v2\/posts\/6862\/revisions\/18560"}],"wp:attachment":[{"href":"https:\/\/ufpr.br\/propg\/wp-json\/wp\/v2\/media?parent=6862"}],"wp:term":[{"taxonomy":"category","embeddable":true,"href":"https:\/\/ufpr.br\/propg\/wp-json\/wp\/v2\/categories?post=6862"},{"taxonomy":"post_tag","embeddable":true,"href":"https:\/\/ufpr.br\/propg\/wp-json\/wp\/v2\/tags?post=6862"}],"curies":[{"name":"wp","href":"https:\/\/api.w.org\/{rel}","templated":true}]}}