{"id":6828,"date":"2019-03-22T16:39:46","date_gmt":"2019-03-22T19:39:46","guid":{"rendered":"https:\/\/ufpr.br\/comunicado-capes-repositorio-esppiral-para-produtos-intelectuais-da-pos-graduacao"},"modified":"2025-12-01T14:49:30","modified_gmt":"2025-12-01T17:49:30","slug":"comunicado-capes-repositorio-esppiral-para-produtos-intelectuais-da-pos-graduacao","status":"publish","type":"post","link":"https:\/\/ufpr.br\/propg\/comunicado-capes-repositorio-esppiral-para-produtos-intelectuais-da-pos-graduacao\/","title":{"rendered":"[Comunicado CAPES] Reposit\u00f3rio ESPPIRAL para produtos intelectuais da p\u00f3s-gradua\u00e7\u00e3o"},"content":{"rendered":"\n<p>A CAPES informa que far\u00e1 o lan\u00e7amento do reposit\u00f3rio de produtos intelectuais da p\u00f3s-gradua\u00e7\u00e3o, denominado ESPPIRAL, no m\u00eas de mar\u00e7o de 2019. A demanda por esta ferramenta \u00e9 proveniente de Grupos de Trabalho institu\u00eddos pela Diretoria de Avalia\u00e7\u00e3o que\u00a0 para propor instrumentos de aperfei\u00e7oamento do modelo de avalia\u00e7\u00e3o.<\/p>\n\n\n\n<p>Assim que o ESPPIRAL estiver dispon\u00edvel, os PPGs j\u00e1 ter\u00e3o o conte\u00fado organizado para realizar o upload dos arquivos, considerando que este&nbsp;procedimento est\u00e1 previsto para mar\u00e7o e abril.<\/p>\n\n\n\n<p>Acesse o Of\u00edcio Circular n\u00ba 3\/2019-DAV\/CAPES referente ao lan\u00e7amento do reposit\u00f3rio ESPPIRAL em:&nbsp;<a href=\"http:\/\/uploads.capes.gov.br\/files\/oficio_circular_20_03_19.pdf\" target=\"_blank\" rel=\"noreferrer noopener\">http:\/\/uploads.capes.gov.br\/files\/oficio_circular_20_03_19.pdf<\/a><\/p>\n\n\n\n<p><\/p>\n","protected":false},"excerpt":{"rendered":"<p>A CAPES informa que far\u00e1 o lan\u00e7amento do reposit\u00f3rio de produtos intelectuais da p\u00f3s-gradua\u00e7\u00e3o, denominado ESPPIRAL, no m\u00eas de mar\u00e7o de 2019. A demanda por esta ferramenta \u00e9 proveniente de Grupos de Trabalho institu\u00eddos pela Diretoria de Avalia\u00e7\u00e3o que\u00a0 para propor instrumentos de aperfei\u00e7oamento do modelo de avalia\u00e7\u00e3o. Assim que o ESPPIRAL estiver dispon\u00edvel, os [&hellip;]<\/p>\n","protected":false},"author":16,"featured_media":0,"comment_status":"open","ping_status":"open","sticky":false,"template":"","format":"standard","meta":{"footnotes":""},"categories":[386],"tags":[],"class_list":["post-6828","post","type-post","status-publish","format-standard","hentry","category-mestrado-e-doutorado"],"_links":{"self":[{"href":"https:\/\/ufpr.br\/propg\/wp-json\/wp\/v2\/posts\/6828","targetHints":{"allow":["GET"]}}],"collection":[{"href":"https:\/\/ufpr.br\/propg\/wp-json\/wp\/v2\/posts"}],"about":[{"href":"https:\/\/ufpr.br\/propg\/wp-json\/wp\/v2\/types\/post"}],"author":[{"embeddable":true,"href":"https:\/\/ufpr.br\/propg\/wp-json\/wp\/v2\/users\/16"}],"replies":[{"embeddable":true,"href":"https:\/\/ufpr.br\/propg\/wp-json\/wp\/v2\/comments?post=6828"}],"version-history":[{"count":3,"href":"https:\/\/ufpr.br\/propg\/wp-json\/wp\/v2\/posts\/6828\/revisions"}],"predecessor-version":[{"id":18563,"href":"https:\/\/ufpr.br\/propg\/wp-json\/wp\/v2\/posts\/6828\/revisions\/18563"}],"wp:attachment":[{"href":"https:\/\/ufpr.br\/propg\/wp-json\/wp\/v2\/media?parent=6828"}],"wp:term":[{"taxonomy":"category","embeddable":true,"href":"https:\/\/ufpr.br\/propg\/wp-json\/wp\/v2\/categories?post=6828"},{"taxonomy":"post_tag","embeddable":true,"href":"https:\/\/ufpr.br\/propg\/wp-json\/wp\/v2\/tags?post=6828"}],"curies":[{"name":"wp","href":"https:\/\/api.w.org\/{rel}","templated":true}]}}