{"id":6796,"date":"2019-03-14T08:33:16","date_gmt":"2019-03-14T11:33:16","guid":{"rendered":"https:\/\/ufpr.br\/processo-seletivo-bolsista-pnpd-capes-do-ppg-sistemas-costeiros-e-oceanicos"},"modified":"2025-12-01T14:49:41","modified_gmt":"2025-12-01T17:49:41","slug":"processo-seletivo-bolsista-pnpd-capes-do-ppg-sistemas-costeiros-e-oceanicos","status":"publish","type":"post","link":"https:\/\/ufpr.br\/propg\/processo-seletivo-bolsista-pnpd-capes-do-ppg-sistemas-costeiros-e-oceanicos\/","title":{"rendered":"[Processo Seletivo] Bolsista PNPD\/CAPES do PPG Sistemas Costeiros e Oce\u00e2nicos"},"content":{"rendered":"\n<p>A Coordena\u00e7\u00e3o do Programa de P\u00f3s-Gradua\u00e7\u00e3o em Sistemas Costeiros e Oce\u00e2nicos (PGSISCO) da Universidade Federal do Paran\u00e1 torna p\u00fablico o para Processo Seletivo de Bolsista de P\u00f3s-Doutorado do \u201cPrograma Nacional de P\u00f3s-Doutorado \u2013 PNPD\/CAPES\u201d, para desenvolver atividades de ensino e pesquisa no Centro de Estudos do Mar da UFPR.<\/p>\n\n\n\n<p>As inscri\u00e7\u00f5es v\u00e3o de 13\/03\/2019 a 04\/04\/2019.<\/p>\n\n\n\n<p>Confira todos os detalhes em:\u00a0<a href=\"http:\/\/www.cem.ufpr.br\/portal\/pgsisco\/\" target=\"_blank\" rel=\"noreferrer noopener\">http:\/\/www.cem.ufpr.br\/portal\/pgsisco\/<\/a><\/p>\n","protected":false},"excerpt":{"rendered":"<p>A Coordena\u00e7\u00e3o do Programa de P\u00f3s-Gradua\u00e7\u00e3o em Sistemas Costeiros e Oce\u00e2nicos (PGSISCO) da Universidade Federal do Paran\u00e1 torna p\u00fablico o para Processo Seletivo de Bolsista de P\u00f3s-Doutorado do \u201cPrograma Nacional de P\u00f3s-Doutorado \u2013 PNPD\/CAPES\u201d, para desenvolver atividades de ensino e pesquisa no Centro de Estudos do Mar da UFPR. As inscri\u00e7\u00f5es v\u00e3o de 13\/03\/2019 a [&hellip;]<\/p>\n","protected":false},"author":18,"featured_media":0,"comment_status":"open","ping_status":"open","sticky":false,"template":"","format":"standard","meta":{"footnotes":""},"categories":[381,386],"tags":[],"class_list":["post-6796","post","type-post","status-publish","format-standard","hentry","category-editais-e-processos-seletivos","category-mestrado-e-doutorado"],"_links":{"self":[{"href":"https:\/\/ufpr.br\/propg\/wp-json\/wp\/v2\/posts\/6796","targetHints":{"allow":["GET"]}}],"collection":[{"href":"https:\/\/ufpr.br\/propg\/wp-json\/wp\/v2\/posts"}],"about":[{"href":"https:\/\/ufpr.br\/propg\/wp-json\/wp\/v2\/types\/post"}],"author":[{"embeddable":true,"href":"https:\/\/ufpr.br\/propg\/wp-json\/wp\/v2\/users\/18"}],"replies":[{"embeddable":true,"href":"https:\/\/ufpr.br\/propg\/wp-json\/wp\/v2\/comments?post=6796"}],"version-history":[{"count":4,"href":"https:\/\/ufpr.br\/propg\/wp-json\/wp\/v2\/posts\/6796\/revisions"}],"predecessor-version":[{"id":18566,"href":"https:\/\/ufpr.br\/propg\/wp-json\/wp\/v2\/posts\/6796\/revisions\/18566"}],"wp:attachment":[{"href":"https:\/\/ufpr.br\/propg\/wp-json\/wp\/v2\/media?parent=6796"}],"wp:term":[{"taxonomy":"category","embeddable":true,"href":"https:\/\/ufpr.br\/propg\/wp-json\/wp\/v2\/categories?post=6796"},{"taxonomy":"post_tag","embeddable":true,"href":"https:\/\/ufpr.br\/propg\/wp-json\/wp\/v2\/tags?post=6796"}],"curies":[{"name":"wp","href":"https:\/\/api.w.org\/{rel}","templated":true}]}}