{"id":6794,"date":"2019-03-11T15:51:15","date_gmt":"2019-03-11T18:51:15","guid":{"rendered":"https:\/\/ufpr.br\/pdse-capes-resultado-da-selecao-interna-ufpr-edital-n-o-41-2018"},"modified":"2025-12-01T14:49:50","modified_gmt":"2025-12-01T17:49:50","slug":"pdse-capes-resultado-da-selecao-interna-ufpr-edital-n-o-41-2018","status":"publish","type":"post","link":"https:\/\/ufpr.br\/propg\/pdse-capes-resultado-da-selecao-interna-ufpr-edital-n-o-41-2018\/","title":{"rendered":"[PDSE\/CAPES] Resultado da Sele\u00e7\u00e3o Interna UFPR &#8211; Edital n.\u00ba 41\/2018"},"content":{"rendered":"\n<p>Programa Doutorado Sandu\u00edche no Exterior \u2013 PDSE\/CAPES &#8211; Edital n\u00ba 41\/2018.<\/p>\n\n\n\n<p>A listagem divulgada abaixo, indica os discentes alunos autorizados por esta Institui\u00e7\u00e3o (Resultado da Sele\u00e7\u00e3o Interna UFPR) para participar do Processo Seletivo PDSE\/CAPES n.\u00ba 41\/2018.<\/p>\n\n\n\n<p><a href=\"https:\/\/ufpr.br\/propg\/wp-content\/uploads\/2025\/10\/resultado_selecaointernaufpr_discentesautorizados_pdse_editalcapes_41_2018-1.pdf\" target=\"_blank\" rel=\"noreferrer noopener\">Resultado Sele\u00e7\u00e3o Interna UFPR<\/a><\/p>\n","protected":false},"excerpt":{"rendered":"<p>Programa Doutorado Sandu\u00edche no Exterior \u2013 PDSE\/CAPES &#8211; Edital n\u00ba 41\/2018. A listagem divulgada abaixo, indica os discentes alunos autorizados por esta Institui\u00e7\u00e3o (Resultado da Sele\u00e7\u00e3o Interna UFPR) para participar do Processo Seletivo PDSE\/CAPES n.\u00ba 41\/2018. Resultado Sele\u00e7\u00e3o Interna UFPR<\/p>\n","protected":false},"author":16,"featured_media":0,"comment_status":"open","ping_status":"open","sticky":false,"template":"","format":"standard","meta":{"footnotes":""},"categories":[381,385,386],"tags":[],"class_list":["post-6794","post","type-post","status-publish","format-standard","hentry","category-editais-e-processos-seletivos","category-internacionalizacao","category-mestrado-e-doutorado"],"_links":{"self":[{"href":"https:\/\/ufpr.br\/propg\/wp-json\/wp\/v2\/posts\/6794","targetHints":{"allow":["GET"]}}],"collection":[{"href":"https:\/\/ufpr.br\/propg\/wp-json\/wp\/v2\/posts"}],"about":[{"href":"https:\/\/ufpr.br\/propg\/wp-json\/wp\/v2\/types\/post"}],"author":[{"embeddable":true,"href":"https:\/\/ufpr.br\/propg\/wp-json\/wp\/v2\/users\/16"}],"replies":[{"embeddable":true,"href":"https:\/\/ufpr.br\/propg\/wp-json\/wp\/v2\/comments?post=6794"}],"version-history":[{"count":3,"href":"https:\/\/ufpr.br\/propg\/wp-json\/wp\/v2\/posts\/6794\/revisions"}],"predecessor-version":[{"id":18567,"href":"https:\/\/ufpr.br\/propg\/wp-json\/wp\/v2\/posts\/6794\/revisions\/18567"}],"wp:attachment":[{"href":"https:\/\/ufpr.br\/propg\/wp-json\/wp\/v2\/media?parent=6794"}],"wp:term":[{"taxonomy":"category","embeddable":true,"href":"https:\/\/ufpr.br\/propg\/wp-json\/wp\/v2\/categories?post=6794"},{"taxonomy":"post_tag","embeddable":true,"href":"https:\/\/ufpr.br\/propg\/wp-json\/wp\/v2\/tags?post=6794"}],"curies":[{"name":"wp","href":"https:\/\/api.w.org\/{rel}","templated":true}]}}