{"id":6784,"date":"2019-03-07T15:01:54","date_gmt":"2019-03-07T18:01:54","guid":{"rendered":"https:\/\/ufpr.br\/eventos-1o-seminario-de-integracao-e-dicas-instrumentais-para-pesquisa-sidip"},"modified":"2025-12-01T14:50:54","modified_gmt":"2025-12-01T17:50:54","slug":"eventos-1o-seminario-de-integracao-e-dicas-instrumentais-para-pesquisa-sidip","status":"publish","type":"post","link":"https:\/\/ufpr.br\/propg\/eventos-1o-seminario-de-integracao-e-dicas-instrumentais-para-pesquisa-sidip\/","title":{"rendered":"[Eventos] 1\u00ba Semin\u00e1rio de Integra\u00e7\u00e3o e Dicas Instrumentais para Pesquisa (SIDIP)"},"content":{"rendered":"\n<p>Nos dias <strong>11,13,18 e 21\/03\/19<\/strong> o PPGGI (Programa de P\u00f3s-Gradua\u00e7\u00e3o em Gest\u00e3o da Informa\u00e7\u00e3o) ir\u00e1 ofertar o <strong>1\u00ba Semin\u00e1rio de Integra\u00e7\u00e3o e Dicas Instrumentais de Pesquisa (SIDIP)<\/strong>. Este evento tem como objetivo promover a integra\u00e7\u00e3o entre estudantes e instrumentaliz\u00e1-los de forma a capacitar suas atividades de pesquisa durante sua vida acad\u00eamica, em especial enquanto vinculados a uma p\u00f3s-gradua\u00e7\u00e3o.<\/p>\n\n\n\n<p>O p\u00fablico alvo s\u00e3o os estudantes do Programa de P\u00f3s-Gradua\u00e7\u00e3o em Gest\u00e3o da Informa\u00e7\u00e3o da Universidade Federal do Paran\u00e1, contudo, tamb\u00e9m t\u00eam-se a inten\u00e7\u00e3o de atender aos estudantes de gradua\u00e7\u00e3o e&nbsp; p\u00f3s-gradua\u00e7\u00e3o, bem como o p\u00fablico externo interessado.<\/p>\n\n\n\n<p>Inscri\u00e7\u00e3o e cronograma:<a href=\"https:\/\/www.even3.com.br\/sidip2019\/\" target=\"_blank\" rel=\"noreferrer noopener\">&nbsp;https:\/\/www.even3.com.br\/sidip2019\/<\/a><\/p>\n\n\n<div class=\"wp-block-image\">\n<figure class=\"aligncenter size-full\"><img decoding=\"async\" src=\"https:\/\/ufpr.br\/propg\/wp-content\/uploads\/2019\/03\/SIDIP-image-1-1024x1024-1.png\" alt=\"\" class=\"wp-image-31744\"\/><\/figure><\/div>\n\n\n<p><\/p>\n","protected":false},"excerpt":{"rendered":"<p>Nos dias 11,13,18 e 21\/03\/19 o PPGGI (Programa de P\u00f3s-Gradua\u00e7\u00e3o em Gest\u00e3o da Informa\u00e7\u00e3o) ir\u00e1 ofertar o 1\u00ba Semin\u00e1rio de Integra\u00e7\u00e3o e Dicas Instrumentais de Pesquisa (SIDIP). Este evento tem como objetivo promover a integra\u00e7\u00e3o entre estudantes e instrumentaliz\u00e1-los de forma a capacitar suas atividades de pesquisa durante sua vida acad\u00eamica, em especial enquanto vinculados [&hellip;]<\/p>\n","protected":false},"author":18,"featured_media":0,"comment_status":"open","ping_status":"open","sticky":false,"template":"","format":"standard","meta":{"footnotes":""},"categories":[386],"tags":[],"class_list":["post-6784","post","type-post","status-publish","format-standard","hentry","category-mestrado-e-doutorado"],"_links":{"self":[{"href":"https:\/\/ufpr.br\/propg\/wp-json\/wp\/v2\/posts\/6784","targetHints":{"allow":["GET"]}}],"collection":[{"href":"https:\/\/ufpr.br\/propg\/wp-json\/wp\/v2\/posts"}],"about":[{"href":"https:\/\/ufpr.br\/propg\/wp-json\/wp\/v2\/types\/post"}],"author":[{"embeddable":true,"href":"https:\/\/ufpr.br\/propg\/wp-json\/wp\/v2\/users\/18"}],"replies":[{"embeddable":true,"href":"https:\/\/ufpr.br\/propg\/wp-json\/wp\/v2\/comments?post=6784"}],"version-history":[{"count":6,"href":"https:\/\/ufpr.br\/propg\/wp-json\/wp\/v2\/posts\/6784\/revisions"}],"predecessor-version":[{"id":18570,"href":"https:\/\/ufpr.br\/propg\/wp-json\/wp\/v2\/posts\/6784\/revisions\/18570"}],"wp:attachment":[{"href":"https:\/\/ufpr.br\/propg\/wp-json\/wp\/v2\/media?parent=6784"}],"wp:term":[{"taxonomy":"category","embeddable":true,"href":"https:\/\/ufpr.br\/propg\/wp-json\/wp\/v2\/categories?post=6784"},{"taxonomy":"post_tag","embeddable":true,"href":"https:\/\/ufpr.br\/propg\/wp-json\/wp\/v2\/tags?post=6784"}],"curies":[{"name":"wp","href":"https:\/\/api.w.org\/{rel}","templated":true}]}}