{"id":6688,"date":"2019-01-29T09:13:26","date_gmt":"2019-01-29T11:13:26","guid":{"rendered":"https:\/\/ufpr.br\/processo-seletivo-mestrado-em-bioinformatica"},"modified":"2025-12-01T14:41:09","modified_gmt":"2025-12-01T17:41:09","slug":"processo-seletivo-mestrado-em-bioinformatica","status":"publish","type":"post","link":"https:\/\/ufpr.br\/propg\/processo-seletivo-mestrado-em-bioinformatica\/","title":{"rendered":"[Processo Seletivo] Mestrado em Bioinform\u00e1tica"},"content":{"rendered":"\n<p>Est\u00e1 aberto o Processo&nbsp;Seletivo&nbsp;para o curso de <strong>Mestrado<\/strong> 2019 do <strong>Programa de P\u00f3s-gradua\u00e7\u00e3o em Bioinform\u00e1tica<\/strong> da Universidade Federal do Paran\u00e1 &#8211; UFPR.<\/p>\n\n\n\n<p>Cronograma<\/p>\n\n\n\n<ul class=\"wp-block-list\">\n<li>Inscri\u00e7\u00f5es:\u00a0de\u00a0<strong>04\/02\/2019 a 24\/02\/2019<\/strong><\/li>\n\n\n\n<li>Prova:\u00a0<strong>11\/03\/2019<\/strong><\/li>\n<\/ul>\n\n\n\n<p>&nbsp;<\/p>\n\n\n\n<p>Documentos:<\/p>\n\n\n\n<ul class=\"wp-block-list\">\n<li><a href=\"https:\/\/ufpr.br\/propg\/wp-content\/uploads\/2025\/10\/edital-01_2019_1-sem_processo-seletivo-bioinformtica.pdf\" target=\"_blank\" rel=\"noreferrer noopener\">EDITAL N\u00ba 01\/2019 \u2013 PPGBIOINF\/UFPR &#8211; 1\u00ba SEM<\/a><\/li>\n\n\n\n<li><a href=\"https:\/\/ufpr.br\/propg\/wp-content\/uploads\/2025\/10\/modelocartaderecomendacao_modelo.doc\" target=\"_blank\" rel=\"noreferrer noopener\">Modelo de carta de recomenda\u00e7\u00e3o<\/a><\/li>\n\n\n\n<li><a href=\"https:\/\/ufpr.br\/propg\/wp-content\/uploads\/2025\/10\/contedo-programtico-prova-especfica_processo-seletivo_mestrado-em-bioinformtica.pdf\" target=\"_blank\" rel=\"noreferrer noopener\">Conte\u00fado program\u00e1tico da prova de Conhecimentos Espec\u00edficos<\/a><\/li>\n<\/ul>\n\n\n\n<p>Acesse o site do programa para maiores informa\u00e7\u00f5es:&nbsp;<a href=\"http:\/\/www.bioinfo.ufpr.br\" target=\"_blank\" rel=\"noopener\">http:\/\/www.bioinfo.ufpr.br<\/a><\/p>\n\n\n\n<p><\/p>\n","protected":false},"excerpt":{"rendered":"<p>Est\u00e1 aberto o Processo&nbsp;Seletivo&nbsp;para o curso de Mestrado 2019 do Programa de P\u00f3s-gradua\u00e7\u00e3o em Bioinform\u00e1tica da Universidade Federal do Paran\u00e1 &#8211; UFPR. Cronograma &nbsp; Documentos: Acesse o site do programa para maiores informa\u00e7\u00f5es:&nbsp;http:\/\/www.bioinfo.ufpr.br<\/p>\n","protected":false},"author":16,"featured_media":0,"comment_status":"open","ping_status":"open","sticky":false,"template":"","format":"standard","meta":{"footnotes":""},"categories":[381,386],"tags":[],"class_list":["post-6688","post","type-post","status-publish","format-standard","hentry","category-editais-e-processos-seletivos","category-mestrado-e-doutorado"],"_links":{"self":[{"href":"https:\/\/ufpr.br\/propg\/wp-json\/wp\/v2\/posts\/6688","targetHints":{"allow":["GET"]}}],"collection":[{"href":"https:\/\/ufpr.br\/propg\/wp-json\/wp\/v2\/posts"}],"about":[{"href":"https:\/\/ufpr.br\/propg\/wp-json\/wp\/v2\/types\/post"}],"author":[{"embeddable":true,"href":"https:\/\/ufpr.br\/propg\/wp-json\/wp\/v2\/users\/16"}],"replies":[{"embeddable":true,"href":"https:\/\/ufpr.br\/propg\/wp-json\/wp\/v2\/comments?post=6688"}],"version-history":[{"count":7,"href":"https:\/\/ufpr.br\/propg\/wp-json\/wp\/v2\/posts\/6688\/revisions"}],"predecessor-version":[{"id":18527,"href":"https:\/\/ufpr.br\/propg\/wp-json\/wp\/v2\/posts\/6688\/revisions\/18527"}],"wp:attachment":[{"href":"https:\/\/ufpr.br\/propg\/wp-json\/wp\/v2\/media?parent=6688"}],"wp:term":[{"taxonomy":"category","embeddable":true,"href":"https:\/\/ufpr.br\/propg\/wp-json\/wp\/v2\/categories?post=6688"},{"taxonomy":"post_tag","embeddable":true,"href":"https:\/\/ufpr.br\/propg\/wp-json\/wp\/v2\/tags?post=6688"}],"curies":[{"name":"wp","href":"https:\/\/api.w.org\/{rel}","templated":true}]}}