{"id":6682,"date":"2019-01-24T11:37:29","date_gmt":"2019-01-24T13:37:29","guid":{"rendered":"https:\/\/ufpr.br\/ufpr-alerta-sobre-golpe-usando-nome-da-instituicao"},"modified":"2025-12-01T14:41:17","modified_gmt":"2025-12-01T17:41:17","slug":"ufpr-alerta-sobre-golpe-usando-nome-da-instituicao","status":"publish","type":"post","link":"https:\/\/ufpr.br\/propg\/ufpr-alerta-sobre-golpe-usando-nome-da-instituicao\/","title":{"rendered":"[Alerta] UFPR alerta sobre GOLPE usando nome da institui\u00e7\u00e3o"},"content":{"rendered":"\n<p>A Universidade Federal do Paran\u00e1 (UFPR) alerta a comunidade sobre um golpe que tem usado o nome da institui\u00e7\u00e3o e do Pr\u00f3-reitor de Pesquisa e P\u00f3s-gradua\u00e7\u00e3o (PRPPG), Francisco de Assis Mendon\u00e7a, de forma indevida para ofertar vagas de trabalho.<\/p>\n\n\n\n<p>A a\u00e7\u00e3o dos golpistas induz os cidad\u00e3os a&nbsp; se registrarem em um banco de cadastro que cobra pelo servi\u00e7o e tem sido disseminada por email e redes sociais.<\/p>\n\n\n\n<p>A UFPR n\u00e3o realiza sele\u00e7\u00e3o de candidatos dessa maneira e n\u00e3o mant\u00e9m banco de cadastro de curr\u00edculos. A institui\u00e7\u00e3o esclarece ainda que todos os processos seletivos ocorrem por meio de edital p\u00fablico divulgado nos canais oficiais da universidade.<\/p>\n\n\n\n<p>&nbsp;<\/p>\n\n\n\n<p><span class=\"sem_borda\">[Superintend\u00eancia de Comunica\u00e7\u00e3o Social]&nbsp;<\/span>&nbsp;&nbsp;&nbsp;<i class=\"icon_clock_alt\"><\/i><\/p>\n","protected":false},"excerpt":{"rendered":"<p>A Universidade Federal do Paran\u00e1 (UFPR) alerta a comunidade sobre um golpe que tem usado o nome da institui\u00e7\u00e3o e do Pr\u00f3-reitor de Pesquisa e P\u00f3s-gradua\u00e7\u00e3o (PRPPG), Francisco de Assis Mendon\u00e7a, de forma indevida para ofertar vagas de trabalho. A a\u00e7\u00e3o dos golpistas induz os cidad\u00e3os a&nbsp; se registrarem em um banco de cadastro que [&hellip;]<\/p>\n","protected":false},"author":16,"featured_media":10768,"comment_status":"open","ping_status":"open","sticky":false,"template":"","format":"standard","meta":{"footnotes":""},"categories":[386],"tags":[],"class_list":["post-6682","post","type-post","status-publish","format-standard","has-post-thumbnail","hentry","category-mestrado-e-doutorado"],"_links":{"self":[{"href":"https:\/\/ufpr.br\/propg\/wp-json\/wp\/v2\/posts\/6682","targetHints":{"allow":["GET"]}}],"collection":[{"href":"https:\/\/ufpr.br\/propg\/wp-json\/wp\/v2\/posts"}],"about":[{"href":"https:\/\/ufpr.br\/propg\/wp-json\/wp\/v2\/types\/post"}],"author":[{"embeddable":true,"href":"https:\/\/ufpr.br\/propg\/wp-json\/wp\/v2\/users\/16"}],"replies":[{"embeddable":true,"href":"https:\/\/ufpr.br\/propg\/wp-json\/wp\/v2\/comments?post=6682"}],"version-history":[{"count":3,"href":"https:\/\/ufpr.br\/propg\/wp-json\/wp\/v2\/posts\/6682\/revisions"}],"predecessor-version":[{"id":18528,"href":"https:\/\/ufpr.br\/propg\/wp-json\/wp\/v2\/posts\/6682\/revisions\/18528"}],"wp:featuredmedia":[{"embeddable":true,"href":"https:\/\/ufpr.br\/propg\/wp-json\/"}],"wp:attachment":[{"href":"https:\/\/ufpr.br\/propg\/wp-json\/wp\/v2\/media?parent=6682"}],"wp:term":[{"taxonomy":"category","embeddable":true,"href":"https:\/\/ufpr.br\/propg\/wp-json\/wp\/v2\/categories?post=6682"},{"taxonomy":"post_tag","embeddable":true,"href":"https:\/\/ufpr.br\/propg\/wp-json\/wp\/v2\/tags?post=6682"}],"curies":[{"name":"wp","href":"https:\/\/api.w.org\/{rel}","templated":true}]}}