{"id":6661,"date":"2019-01-18T15:41:18","date_gmt":"2019-01-18T17:41:18","guid":{"rendered":"https:\/\/ufpr.br\/inscricoes-para-curso-de-especializacao-em-fisiologia-do-exercicio-turma-2019"},"modified":"2025-12-01T14:41:50","modified_gmt":"2025-12-01T17:41:50","slug":"inscricoes-para-curso-de-especializacao-em-fisiologia-do-exercicio-turma-2019","status":"publish","type":"post","link":"https:\/\/ufpr.br\/propg\/inscricoes-para-curso-de-especializacao-em-fisiologia-do-exercicio-turma-2019\/","title":{"rendered":"INSCRI\u00c7\u00d5ES PARA CURSO DE ESPECIALIZA\u00c7\u00c3O EM FISIOLOGIA DO EXERC\u00cdCIO- TURMA 2019"},"content":{"rendered":"\n<p class=\"has-text-align-center\">ABERTAS AS INSCRI\u00c7\u00d5ES PARA O CURSO DE ESPECIALIZA\u00c7\u00c3O EM OFTALMOLOGIA \u2013 2019<\/p>\n\n\n\n<p class=\"has-text-align-center\"><a href=\"https:\/\/ufpr.br\/propg\/wp-content\/uploads\/2025\/10\/edital-fisiologia-do-exerccio.pdf\" target=\"_blank\" rel=\"noreferrer noopener\">EDITAL\u00a0FISIOLOGIA DO EXERC\u00cdCIO<\/a><\/p>\n\n\n\n<p class=\"has-text-align-center\"><a href=\"https:\/\/siga.ufpr.br\/siga\/visitante\/processoseletivo\/index.jsp?sequencial=1288\" target=\"_blank\" rel=\"noreferrer noopener\">ACESSE AQUI A INSCRI\u00c7\u00c3O ELETR\u00d4NICA \u2013 LINK PARA PROCESSO DE INSCRI\u00c7\u00c3O<\/a><\/p>\n\n\n\n<p class=\"has-text-align-center\"><strong>Turma com In\u00edcio em mar\u00e7o 2019<\/strong><\/p>\n\n\n\n<p class=\"has-text-align-center\"><strong>Inscri\u00e7\u00f5es: de 17 janeiro a 28 de fevereiro de 2019.<\/strong><\/p>\n","protected":false},"excerpt":{"rendered":"<p>ABERTAS AS INSCRI\u00c7\u00d5ES PARA O CURSO DE ESPECIALIZA\u00c7\u00c3O EM OFTALMOLOGIA \u2013 2019 EDITAL\u00a0FISIOLOGIA DO EXERC\u00cdCIO ACESSE AQUI A INSCRI\u00c7\u00c3O ELETR\u00d4NICA \u2013 LINK PARA PROCESSO DE INSCRI\u00c7\u00c3O Turma com In\u00edcio em mar\u00e7o 2019 Inscri\u00e7\u00f5es: de 17 janeiro a 28 de fevereiro de 2019.<\/p>\n","protected":false},"author":20,"featured_media":0,"comment_status":"open","ping_status":"open","sticky":false,"template":"","format":"standard","meta":{"footnotes":""},"categories":[381,382],"tags":[],"class_list":["post-6661","post","type-post","status-publish","format-standard","hentry","category-editais-e-processos-seletivos","category-especializacao-e-residencia"],"_links":{"self":[{"href":"https:\/\/ufpr.br\/propg\/wp-json\/wp\/v2\/posts\/6661","targetHints":{"allow":["GET"]}}],"collection":[{"href":"https:\/\/ufpr.br\/propg\/wp-json\/wp\/v2\/posts"}],"about":[{"href":"https:\/\/ufpr.br\/propg\/wp-json\/wp\/v2\/types\/post"}],"author":[{"embeddable":true,"href":"https:\/\/ufpr.br\/propg\/wp-json\/wp\/v2\/users\/20"}],"replies":[{"embeddable":true,"href":"https:\/\/ufpr.br\/propg\/wp-json\/wp\/v2\/comments?post=6661"}],"version-history":[{"count":5,"href":"https:\/\/ufpr.br\/propg\/wp-json\/wp\/v2\/posts\/6661\/revisions"}],"predecessor-version":[{"id":18534,"href":"https:\/\/ufpr.br\/propg\/wp-json\/wp\/v2\/posts\/6661\/revisions\/18534"}],"wp:attachment":[{"href":"https:\/\/ufpr.br\/propg\/wp-json\/wp\/v2\/media?parent=6661"}],"wp:term":[{"taxonomy":"category","embeddable":true,"href":"https:\/\/ufpr.br\/propg\/wp-json\/wp\/v2\/categories?post=6661"},{"taxonomy":"post_tag","embeddable":true,"href":"https:\/\/ufpr.br\/propg\/wp-json\/wp\/v2\/tags?post=6661"}],"curies":[{"name":"wp","href":"https:\/\/api.w.org\/{rel}","templated":true}]}}