{"id":6610,"date":"2019-01-03T15:15:16","date_gmt":"2019-01-03T17:15:16","guid":{"rendered":"https:\/\/ufpr.br\/comunicado-recesso-unidade-de-diplomas-e-certificados"},"modified":"2025-12-01T14:43:30","modified_gmt":"2025-12-01T17:43:30","slug":"comunicado-recesso-unidade-de-diplomas-e-certificados","status":"publish","type":"post","link":"https:\/\/ufpr.br\/propg\/comunicado-recesso-unidade-de-diplomas-e-certificados\/","title":{"rendered":"[Recesso] Unidade de Diplomas e Certificados fechada at\u00e9 10\/01\/2019"},"content":{"rendered":"\n<p>Entre os dias 21\/12\/2018 e 09\/01\/2019, a Unidade de Diplomas e Certificados estar\u00e1 fechada, devido \u00e0s f\u00e9rias do titular desta. A UDC retornar\u00e1 as atividades em 10\/01\/2019, atendimento ao p\u00fablico das 13h as 17h.<\/p>\n","protected":false},"excerpt":{"rendered":"<p>Entre os dias 21\/12\/2018 e 09\/01\/2019, a Unidade de Diplomas e Certificados estar\u00e1 fechada, devido \u00e0s f\u00e9rias do titular desta. A UDC retornar\u00e1 as atividades em 10\/01\/2019, atendimento ao p\u00fablico das 13h as 17h.<\/p>\n","protected":false},"author":16,"featured_media":0,"comment_status":"open","ping_status":"open","sticky":false,"template":"","format":"standard","meta":{"footnotes":""},"categories":[386],"tags":[],"class_list":["post-6610","post","type-post","status-publish","format-standard","hentry","category-mestrado-e-doutorado"],"_links":{"self":[{"href":"https:\/\/ufpr.br\/propg\/wp-json\/wp\/v2\/posts\/6610","targetHints":{"allow":["GET"]}}],"collection":[{"href":"https:\/\/ufpr.br\/propg\/wp-json\/wp\/v2\/posts"}],"about":[{"href":"https:\/\/ufpr.br\/propg\/wp-json\/wp\/v2\/types\/post"}],"author":[{"embeddable":true,"href":"https:\/\/ufpr.br\/propg\/wp-json\/wp\/v2\/users\/16"}],"replies":[{"embeddable":true,"href":"https:\/\/ufpr.br\/propg\/wp-json\/wp\/v2\/comments?post=6610"}],"version-history":[{"count":3,"href":"https:\/\/ufpr.br\/propg\/wp-json\/wp\/v2\/posts\/6610\/revisions"}],"predecessor-version":[{"id":18545,"href":"https:\/\/ufpr.br\/propg\/wp-json\/wp\/v2\/posts\/6610\/revisions\/18545"}],"wp:attachment":[{"href":"https:\/\/ufpr.br\/propg\/wp-json\/wp\/v2\/media?parent=6610"}],"wp:term":[{"taxonomy":"category","embeddable":true,"href":"https:\/\/ufpr.br\/propg\/wp-json\/wp\/v2\/categories?post=6610"},{"taxonomy":"post_tag","embeddable":true,"href":"https:\/\/ufpr.br\/propg\/wp-json\/wp\/v2\/tags?post=6610"}],"curies":[{"name":"wp","href":"https:\/\/api.w.org\/{rel}","templated":true}]}}