{"id":6591,"date":"2018-12-20T12:31:09","date_gmt":"2018-12-20T14:31:09","guid":{"rendered":"https:\/\/ufpr.br\/importante-encerramento-de-2018-mudanca-de-ano-base-no-siga"},"modified":"2025-12-01T14:38:16","modified_gmt":"2025-12-01T17:38:16","slug":"importante-encerramento-de-2018-mudanca-de-ano-base-no-siga","status":"publish","type":"post","link":"https:\/\/ufpr.br\/propg\/importante-encerramento-de-2018-mudanca-de-ano-base-no-siga\/","title":{"rendered":"[IMPORTANTE] Encerramento de 2018: mudan\u00e7a de ano base no SIGA"},"content":{"rendered":"\n<p><span style=\"color: #000000;\">Prezados Coordenadores e Secret\u00e1rios,<\/span><\/p>\n\n\n\n<p><span style=\"color: #000000;\">Com o encerramento do exerc\u00edcio de 2018, gostar\u00edamos de refor\u00e7ar um conjunto de procedimentos e a\u00e7\u00f5es que visam facilitar o registro das atividades na plataforma SIGA.<\/span><\/p>\n\n\n\n<p><span style=\"color: #000000;\">Entendemos que, nesse momento, a uniformiza\u00e7\u00e3o de procedimentos \u00e9 necess\u00e1ria para melhorar a gest\u00e3o de nossos programas de p\u00f3s-gradua\u00e7\u00e3o e, algumas informa\u00e7\u00f5es pertinentes ao exerc\u00edcio ano de 2018 devem ser registradas no sistema antes que ocorra a mudan\u00e7a de ano base (2019). Nesse sentido, pedimos especial aten\u00e7\u00e3o quanto aos procedimentos requeridos quando da realiza\u00e7\u00e3o dessa opera\u00e7\u00e3o, conforme recomenda\u00e7\u00f5es constantes ao\u00a0<\/span><strong><a href=\"https:\/\/ufpr.br\/propg\/cpgss\/encerramento-ano-base-2018\/\" target=\"_blank\" rel=\"noreferrer noopener\">Of\u00edcio Circular n\u00ba 18\/2018 \u2013 PRPPG<\/a>.<\/strong><\/p>\n\n\n\n<p><span style=\"color: #000000;\">Saiba mais: <\/span><a href=\"https:\/\/ufpr.br\/propg\/cpgss\/encerramento-ano-base-2018\/\" target=\"_blank\" rel=\"noreferrer noopener\">https:\/\/ufpr.br\/propg\/cpgss\/encerramento-ano-base-2018\/<\/a><\/p>\n","protected":false},"excerpt":{"rendered":"<p>Prezados Coordenadores e Secret\u00e1rios, Com o encerramento do exerc\u00edcio de 2018, gostar\u00edamos de refor\u00e7ar um conjunto de procedimentos e a\u00e7\u00f5es que visam facilitar o registro das atividades na plataforma SIGA. Entendemos que, nesse momento, a uniformiza\u00e7\u00e3o de procedimentos \u00e9 necess\u00e1ria para melhorar a gest\u00e3o de nossos programas de p\u00f3s-gradua\u00e7\u00e3o e, algumas informa\u00e7\u00f5es pertinentes ao exerc\u00edcio [&hellip;]<\/p>\n","protected":false},"author":16,"featured_media":0,"comment_status":"open","ping_status":"open","sticky":false,"template":"","format":"standard","meta":{"footnotes":""},"categories":[386],"tags":[],"class_list":["post-6591","post","type-post","status-publish","format-standard","hentry","category-mestrado-e-doutorado"],"_links":{"self":[{"href":"https:\/\/ufpr.br\/propg\/wp-json\/wp\/v2\/posts\/6591","targetHints":{"allow":["GET"]}}],"collection":[{"href":"https:\/\/ufpr.br\/propg\/wp-json\/wp\/v2\/posts"}],"about":[{"href":"https:\/\/ufpr.br\/propg\/wp-json\/wp\/v2\/types\/post"}],"author":[{"embeddable":true,"href":"https:\/\/ufpr.br\/propg\/wp-json\/wp\/v2\/users\/16"}],"replies":[{"embeddable":true,"href":"https:\/\/ufpr.br\/propg\/wp-json\/wp\/v2\/comments?post=6591"}],"version-history":[{"count":3,"href":"https:\/\/ufpr.br\/propg\/wp-json\/wp\/v2\/posts\/6591\/revisions"}],"predecessor-version":[{"id":18514,"href":"https:\/\/ufpr.br\/propg\/wp-json\/wp\/v2\/posts\/6591\/revisions\/18514"}],"wp:attachment":[{"href":"https:\/\/ufpr.br\/propg\/wp-json\/wp\/v2\/media?parent=6591"}],"wp:term":[{"taxonomy":"category","embeddable":true,"href":"https:\/\/ufpr.br\/propg\/wp-json\/wp\/v2\/categories?post=6591"},{"taxonomy":"post_tag","embeddable":true,"href":"https:\/\/ufpr.br\/propg\/wp-json\/wp\/v2\/tags?post=6591"}],"curies":[{"name":"wp","href":"https:\/\/api.w.org\/{rel}","templated":true}]}}