{"id":6572,"date":"2018-12-14T12:21:50","date_gmt":"2018-12-14T14:21:50","guid":{"rendered":"https:\/\/ufpr.br\/ingles-para-docentes-nova-turma-2019-do-curso-metodologia-de-educacao-superior-ingles-como-meio-de-instrucao"},"modified":"2025-12-01T14:38:39","modified_gmt":"2025-12-01T17:38:39","slug":"ingles-para-docentes-nova-turma-2019-do-curso-metodologia-de-educacao-superior-ingles-como-meio-de-instrucao","status":"publish","type":"post","link":"https:\/\/ufpr.br\/propg\/ingles-para-docentes-nova-turma-2019-do-curso-metodologia-de-educacao-superior-ingles-como-meio-de-instrucao\/","title":{"rendered":"[Ingl\u00eas para docentes] Nova turma 2019 do curso Metodologia de Educa\u00e7\u00e3o Superior: Ingl\u00eas como Meio de Instru\u00e7\u00e3o."},"content":{"rendered":"\n<p>Devido \u00e0 alta demanda em 2018, a PRPPG vai ofertar uma nova edi\u00e7\u00e3o do curso &#8220;<strong>Metodologia de Educa\u00e7\u00e3o Superior: Ingl\u00eas como Meio de Instru\u00e7\u00e3o<\/strong>&#8221; durante os dias 4-8 de fevereiro de 2019. <span style=\"text-decoration: underline;\">As inscri\u00e7\u00f5es v\u00e3o de 18 a 31\/12\/2018.<\/span><\/p>\n\n\n\n<p>O incremento de disciplinas ministradas em l\u00edngua estrangeira \u00e9 fundamental para os planos de internacionaliza\u00e7\u00e3o da UFPR, tais como o Plano Institucional de Internacionaliza\u00e7\u00e3o da UFPR, e o Programa Institucional de Internacionaliza\u00e7\u00e3o (PRINT) da CAPES (ambos aprovados este ano).&nbsp; O professor da disciplina, Ron Martinez, destaca que a internacionaliza\u00e7\u00e3o \u00e9 um processo: &#8220;Ao longo desse processo \u00e9 importante que os professores se sintam apoiados pela universidade&#8221;.<\/p>\n\n\n\n<p>No curso, docentes aprendem t\u00e9cnicas pr\u00e1ticas que facilitam a compreens\u00e3o do aluno, e ainda contam com a oportunidade de dar uma mini aula e sentir &#8220;na pele&#8221; como \u00e9 lecionar em l\u00edngua estrangeira. O pr\u00f3prio curso \u00e9 ministrado 100% em ingl\u00eas, e o n\u00edvel m\u00ednimo recomendado para participar \u00e9 B1 (&#8220;intermediate&#8221;).<\/p>\n\n\n\n<p><strong>Inscri\u00e7\u00f5es podem ser efetuadas atrav\u00e9s do portal do docente no SIGA, no menu &#8220;disciplinas transversais&#8221;<\/strong>.<\/p>\n\n\n\n<p><strong>IMPORTANTE:<\/strong> nenhum cadastro ser\u00e1 aceito sem primeiro preencher o formul\u00e1rio eletr\u00f4nico:\u00a0<a href=\"https:\/\/goo.gl\/forms\/qmoT60MjH1S2k8vt2\" target=\"_blank\" rel=\"noreferrer noopener\">https:\/\/goo.gl\/forms\/qmoT60MjH1S2k8vt2<\/a><\/p>\n\n\n\n<p>&nbsp;<\/p>\n\n\n\n<p>Detalhes do Curso<\/p>\n\n\n\n<figure class=\"wp-block-table\"><table class=\"has-fixed-layout\"><tbody><tr><td>&nbsp;<strong>T\u00edtulo:<\/strong><\/td><td><strong>&nbsp;Metodologia de Educa\u00e7\u00e3o Superior: Ingl\u00eas como Meio de Instru\u00e7\u00e3o<\/strong><\/td><\/tr><tr><td><strong>Ministrante:<\/strong><\/td><td>&nbsp;Prof. Dr. Ron Martinez<\/td><\/tr><tr><td><strong>N\u00ba. Vagas:<\/strong><\/td><td>&nbsp;10*<\/td><\/tr><tr><td><strong>Aulas:<\/strong><\/td><td>&nbsp;04 a 08 de Fevereiro de 2019<\/td><\/tr><tr><td><strong>Hor\u00e1rio:<\/strong><\/td><td>A definir pelo ministrante<\/td><\/tr><tr><td><strong>Carga hor\u00e1ria:<\/strong><\/td><td>&nbsp;60 horas (40 presenciais)<\/td><\/tr><tr><td><strong>L\u00edngua de ensino:<\/strong><\/td><td>&nbsp;Ingl\u00eas<\/td><\/tr><tr><td><strong>N\u00edvel recomendado:<\/strong><\/td><td>&nbsp;B1 (m\u00ednimo)<\/td><\/tr><tr><td><strong>Local:<\/strong><\/td><td>&nbsp;Sala de Reuni\u00f5es da PRPPG, 2\u00ba andar\n<p>Edif\u00edcio D. Pedro II (Campus Reitoria)<\/p>\n<\/td><\/tr><tr><td><strong>Inscri\u00e7\u00f5es:<\/strong><\/td><td>&nbsp;De 18\/12\/18&nbsp;a 31\/12\/2018 <strong>exclusivamente<br>atrav\u00e9s do Portal do Docente no SIGA<\/strong><\/td><\/tr><tr><td><strong>Custo:<\/strong><\/td><td>&nbsp;Gratuito<\/td><\/tr><tr><td><strong>P\u00fablico alvo:<\/strong><\/td><td>&nbsp;Docentes credenciados em qualquer programa<br>de p\u00f3s-gradua\u00e7\u00e3o que ainda n\u00e3o ministram disciplinas em ingl\u00eas<\/td><\/tr><\/tbody><\/table><\/figure>\n\n\n\n<p>&nbsp;<\/p>\n\n\n\n<ul class=\"wp-block-list\">\n<li><strong><em>A crit\u00e9rio dos ministrantes poder\u00e1 haver sele\u00e7\u00e3o\/triagem dos inscritos caso a demanda supere o n\u00famero de vagas.<\/em><\/strong><\/li>\n<\/ul>\n\n\n\n<p>&nbsp;<\/p>\n\n\n\n<p><span style=\"background-color: #33cccc;\"><strong>PERGUNTAS FREQUENTES&nbsp;<\/strong><\/span><\/p>\n\n\n\n<ol class=\"wp-block-list\">\n<li><strong>Qual o\u00a0dia da semana e hor\u00e1rio das aulas?<\/strong><\/li>\n<\/ol>\n\n\n\n<ul class=\"wp-block-list\">\n<li>As aulas acontecer\u00e3o entre 04 e 08 de Fevereiro de 2019. Hor\u00e1rio a definir pelo ministrante<\/li>\n<\/ul>\n\n\n\n<ol start=\"2\" class=\"wp-block-list\">\n<li><strong>Quem pode se inscrever para assistir a disciplina?<\/strong><\/li>\n<\/ol>\n\n\n\n<ul class=\"wp-block-list\">\n<li>Apenas\u00a0<strong>docentes credenciados na p\u00f3s-gradua\u00e7\u00e3o<\/strong>\u00a0da UFPR<\/li>\n<\/ul>\n\n\n\n<ol start=\"3\" class=\"wp-block-list\">\n<li><strong>Sou docente da UFPR mas n\u00e3o sou credenciado na p\u00f3s-gradua\u00e7\u00e3o, posso\u00a0\u00a0assistir a disciplina?<\/strong><\/li>\n<\/ol>\n\n\n\n<ul class=\"wp-block-list\">\n<li>N\u00e3o, apenas\u00a0\u00a0docentes\u00a0<strong>credenciados na p\u00f3s-gradua\u00e7\u00e3o da UFPR<\/strong>\u00a0poder\u00e3o se inscrever<\/li>\n<\/ul>\n\n\n\n<ol start=\"4\" class=\"wp-block-list\">\n<li><strong>Como fa\u00e7o para me inscrever?<\/strong><\/li>\n<\/ol>\n\n\n\n<ul class=\"wp-block-list\">\n<li>O docente da p\u00f3s-gradua\u00e7\u00e3o que tiver interesse em se inscrever dever\u00e1 acessar o Portal Docente do SIGA no menu \u201cDisciplinas\u201d.<\/li>\n<\/ul>\n\n\n\n<ol start=\"5\" class=\"wp-block-list\">\n<li><strong>N\u00e3o consigo me inscrever, o que devo fazer?<\/strong><\/li>\n<\/ol>\n\n\n\n<ul class=\"wp-block-list\">\n<li><strong>Entre em contato com o programa de p\u00f3s-gradua\u00e7\u00e3o a que estiver credenciado<\/strong>. O programa verificar\u00e1 se seu cadastro no SIGA est\u00e1 correto e atualizado. Caso o problema persista, o pr\u00f3prio programa abrir\u00e1 um chamado no SIGA.<\/li>\n<\/ul>\n\n\n\n<ol start=\"6\" class=\"wp-block-list\">\n<li><strong>Onde ser\u00e3o ministradas as aulas presenciais?<\/strong><\/li>\n<\/ol>\n\n\n\n<ul class=\"wp-block-list\">\n<li>Na Sala de Reuni\u00f5es da PRPPG, 2\u00b0 andar, Edif\u00edcio D. Pedro II (Campus Reitoria)<\/li>\n\n\n\n<li>Endere\u00e7o: Rua Dr. Faivre, 405 \u2013 Ed. Dom Pedro II, 2\u00ba andar \u2013 Centro \u2013 Curitiba (PR), Brasil<\/li>\n<\/ul>\n\n\n\n<p><\/p>\n","protected":false},"excerpt":{"rendered":"<p>Devido \u00e0 alta demanda em 2018, a PRPPG vai ofertar uma nova edi\u00e7\u00e3o do curso &#8220;Metodologia de Educa\u00e7\u00e3o Superior: Ingl\u00eas como Meio de Instru\u00e7\u00e3o&#8221; durante os dias 4-8 de fevereiro de 2019. As inscri\u00e7\u00f5es v\u00e3o de 18 a 31\/12\/2018. O incremento de disciplinas ministradas em l\u00edngua estrangeira \u00e9 fundamental para os planos de internacionaliza\u00e7\u00e3o da [&hellip;]<\/p>\n","protected":false},"author":18,"featured_media":0,"comment_status":"open","ping_status":"open","sticky":false,"template":"","format":"standard","meta":{"footnotes":""},"categories":[381,386],"tags":[],"class_list":["post-6572","post","type-post","status-publish","format-standard","hentry","category-editais-e-processos-seletivos","category-mestrado-e-doutorado"],"_links":{"self":[{"href":"https:\/\/ufpr.br\/propg\/wp-json\/wp\/v2\/posts\/6572","targetHints":{"allow":["GET"]}}],"collection":[{"href":"https:\/\/ufpr.br\/propg\/wp-json\/wp\/v2\/posts"}],"about":[{"href":"https:\/\/ufpr.br\/propg\/wp-json\/wp\/v2\/types\/post"}],"author":[{"embeddable":true,"href":"https:\/\/ufpr.br\/propg\/wp-json\/wp\/v2\/users\/18"}],"replies":[{"embeddable":true,"href":"https:\/\/ufpr.br\/propg\/wp-json\/wp\/v2\/comments?post=6572"}],"version-history":[{"count":3,"href":"https:\/\/ufpr.br\/propg\/wp-json\/wp\/v2\/posts\/6572\/revisions"}],"predecessor-version":[{"id":18515,"href":"https:\/\/ufpr.br\/propg\/wp-json\/wp\/v2\/posts\/6572\/revisions\/18515"}],"wp:attachment":[{"href":"https:\/\/ufpr.br\/propg\/wp-json\/wp\/v2\/media?parent=6572"}],"wp:term":[{"taxonomy":"category","embeddable":true,"href":"https:\/\/ufpr.br\/propg\/wp-json\/wp\/v2\/categories?post=6572"},{"taxonomy":"post_tag","embeddable":true,"href":"https:\/\/ufpr.br\/propg\/wp-json\/wp\/v2\/tags?post=6572"}],"curies":[{"name":"wp","href":"https:\/\/api.w.org\/{rel}","templated":true}]}}