{"id":6530,"date":"2018-12-03T18:16:15","date_gmt":"2018-12-03T20:16:15","guid":{"rendered":"https:\/\/ufpr.br\/inscricoes-para-curso-de-aperfeicoamento-em-educacao-pobreza-e-desigualdade-social-na-modalidade-ead-turma-2019"},"modified":"2025-12-01T14:39:52","modified_gmt":"2025-12-01T17:39:52","slug":"inscricoes-para-curso-de-aperfeicoamento-em-educacao-pobreza-e-desigualdade-social-na-modalidade-ead-turma-2019","status":"publish","type":"post","link":"https:\/\/ufpr.br\/propg\/inscricoes-para-curso-de-aperfeicoamento-em-educacao-pobreza-e-desigualdade-social-na-modalidade-ead-turma-2019\/","title":{"rendered":"Inscri\u00e7\u00f5es para o CURSO DE APERFEI\u00c7OAMENTO EM EDUCA\u00c7\u00c3O, POBREZA E DESIGUALDADE SOCIAL NA MODALIDADE EAD &#8211; turma 2019."},"content":{"rendered":"\n<p>A Universidade Federal do Paran\u00e1 (UFPR), atrav\u00e9s do Departamento de Planejamento e Administra\u00e7\u00e3o da Educa\u00e7\u00e3o \u2013 N\u00facleo de Pol\u00edticas Educacionais (NUPE\/DEPLAE), da Coordena\u00e7\u00e3o de Pol\u00edticas de Forma\u00e7\u00e3o de Professores (COPEFOR) e da Coordenadoria de Integra\u00e7\u00e3o de Pol\u00edticas de Educa\u00e7\u00e3o a Dist\u00e2ncia (CIPEAD), torna p\u00fablicas as normas que regem o processo seletivo para ingresso no CURSO DE APERFEI\u00c7OAMENTO EM EDUCA\u00c7\u00c3O DESIGUALDADE SOCIAL, na modalidade EAD, para 2019.<\/p>\n\n\n\n<p>O in\u00edcio do curso, com carga hor\u00e1ria total de 200 horas, est\u00e1 previsto para fevereiro de 2019 e ter\u00e1 dura\u00e7\u00e3o de 6 meses, na modalidade \u00e0 dist\u00e2ncia, envolvendo cinco (5) encontros presenciais nos respectivos polos. O primeiro encontro envolver\u00e1 apresenta\u00e7\u00e3o da proposta do curso e atividades de ambienta\u00e7\u00e3o em Educa\u00e7\u00e3o \u00e0 Dist\u00e2ncia.<\/p>\n\n\n\n<p>O curso tem como objetivo, entre outros, formar, em n\u00edvel de aperfei\u00e7oamento, na tem\u00e1tica da Educa\u00e7\u00e3o, Pobreza e Desigualdade Social, profissionais da educa\u00e7\u00e3o b\u00e1sica e outros envolvidos com pol\u00edticas sociais que estabelecem rela\u00e7\u00f5es com a educa\u00e7\u00e3o em contextos empobrecidos, com vistas \u00e0 reflex\u00e3o sobre o desenvolvimento de pr\u00e1ticas que possibilitem a transforma\u00e7\u00e3o das condi\u00e7\u00f5es de pobreza e de extrema pobreza de crian\u00e7as, adolescentes e jovens.<\/p>\n\n\n\n<p><a href=\"https:\/\/ufpr.br\/propg\/wp-content\/uploads\/2025\/10\/curso-de-aperfeioamento-em-educao.pdf\" target=\"_blank\" rel=\"noreferrer noopener\">Edital de sele\u00e7\u00e3o de alunos.<\/a><\/p>\n\n\n\n<p><a href=\"https:\/\/siga.ufpr.br\/siga\/visitante\/processoseletivo\/index.jsp?sequencial=1206\" target=\"_blank\" rel=\"noreferrer noopener\">Link para inscri\u00e7\u00f5es.<\/a><\/p>\n\n\n\n<p><\/p>\n","protected":false},"excerpt":{"rendered":"<p>A Universidade Federal do Paran\u00e1 (UFPR), atrav\u00e9s do Departamento de Planejamento e Administra\u00e7\u00e3o da Educa\u00e7\u00e3o \u2013 N\u00facleo de Pol\u00edticas Educacionais (NUPE\/DEPLAE), da Coordena\u00e7\u00e3o de Pol\u00edticas de Forma\u00e7\u00e3o de Professores (COPEFOR) e da Coordenadoria de Integra\u00e7\u00e3o de Pol\u00edticas de Educa\u00e7\u00e3o a Dist\u00e2ncia (CIPEAD), torna p\u00fablicas as normas que regem o processo seletivo para ingresso no CURSO [&hellip;]<\/p>\n","protected":false},"author":20,"featured_media":0,"comment_status":"open","ping_status":"open","sticky":false,"template":"","format":"standard","meta":{"footnotes":""},"categories":[381,382],"tags":[],"class_list":["post-6530","post","type-post","status-publish","format-standard","hentry","category-editais-e-processos-seletivos","category-especializacao-e-residencia"],"_links":{"self":[{"href":"https:\/\/ufpr.br\/propg\/wp-json\/wp\/v2\/posts\/6530","targetHints":{"allow":["GET"]}}],"collection":[{"href":"https:\/\/ufpr.br\/propg\/wp-json\/wp\/v2\/posts"}],"about":[{"href":"https:\/\/ufpr.br\/propg\/wp-json\/wp\/v2\/types\/post"}],"author":[{"embeddable":true,"href":"https:\/\/ufpr.br\/propg\/wp-json\/wp\/v2\/users\/20"}],"replies":[{"embeddable":true,"href":"https:\/\/ufpr.br\/propg\/wp-json\/wp\/v2\/comments?post=6530"}],"version-history":[{"count":4,"href":"https:\/\/ufpr.br\/propg\/wp-json\/wp\/v2\/posts\/6530\/revisions"}],"predecessor-version":[{"id":18524,"href":"https:\/\/ufpr.br\/propg\/wp-json\/wp\/v2\/posts\/6530\/revisions\/18524"}],"wp:attachment":[{"href":"https:\/\/ufpr.br\/propg\/wp-json\/wp\/v2\/media?parent=6530"}],"wp:term":[{"taxonomy":"category","embeddable":true,"href":"https:\/\/ufpr.br\/propg\/wp-json\/wp\/v2\/categories?post=6530"},{"taxonomy":"post_tag","embeddable":true,"href":"https:\/\/ufpr.br\/propg\/wp-json\/wp\/v2\/tags?post=6530"}],"curies":[{"name":"wp","href":"https:\/\/api.w.org\/{rel}","templated":true}]}}