{"id":6500,"date":"2018-11-21T11:39:59","date_gmt":"2018-11-21T13:39:59","guid":{"rendered":"https:\/\/ufpr.br\/processos-seletivos-mestrado-e-doutorado-do-programa-de-pos-graduacao-em-engenharia-de-alimentos-2"},"modified":"2025-12-01T14:36:21","modified_gmt":"2025-12-01T17:36:21","slug":"processos-seletivos-mestrado-e-doutorado-do-programa-de-pos-graduacao-em-engenharia-de-alimentos-2","status":"publish","type":"post","link":"https:\/\/ufpr.br\/propg\/processos-seletivos-mestrado-e-doutorado-do-programa-de-pos-graduacao-em-engenharia-de-alimentos-2\/","title":{"rendered":"[Processos Seletivos] Mestrado e Doutorado do Programa de P\u00f3s-Gradua\u00e7\u00e3o em Engenharia de Alimentos"},"content":{"rendered":"\n<p>Est\u00e3o abertas as inscri\u00e7\u00f5es para turmas de mestrado e doutorado 2019 do&nbsp;Programa de P\u00f3s-Gradua\u00e7\u00e3o em Engenharia de Alimentos. As inscri\u00e7\u00f5es s\u00e3o de&nbsp;31 de outubro a 03 de dezembro de 2018.<\/p>\n\n\n\n<p>Confira os editais na \u00edntegra:<\/p>\n\n\n\n<p>Mestrado:\u00a0<a href=\"http:\/\/www.posalim.ufpr.br\/Selecao\/Mestrado\/selecaoME.htm\" target=\"_blank\" rel=\"noreferrer noopener\">http:\/\/www.posalim.ufpr.br\/Selecao\/Mestrado\/selecaoME.htm<\/a><\/p>\n\n\n\n<p>Doutorado:\u00a0<a href=\"http:\/\/www.posalim.ufpr.br\/Selecao\/Doutorado\/selecaoDO.htm\" target=\"_blank\" rel=\"noreferrer noopener\">http:\/\/www.posalim.ufpr.br\/Selecao\/Doutorado\/selecaoDO.htm<\/a><\/p>\n","protected":false},"excerpt":{"rendered":"<p>Est\u00e3o abertas as inscri\u00e7\u00f5es para turmas de mestrado e doutorado 2019 do&nbsp;Programa de P\u00f3s-Gradua\u00e7\u00e3o em Engenharia de Alimentos. As inscri\u00e7\u00f5es s\u00e3o de&nbsp;31 de outubro a 03 de dezembro de 2018. Confira os editais na \u00edntegra: Mestrado:\u00a0http:\/\/www.posalim.ufpr.br\/Selecao\/Mestrado\/selecaoME.htm Doutorado:\u00a0http:\/\/www.posalim.ufpr.br\/Selecao\/Doutorado\/selecaoDO.htm<\/p>\n","protected":false},"author":18,"featured_media":0,"comment_status":"open","ping_status":"open","sticky":false,"template":"","format":"standard","meta":{"footnotes":""},"categories":[381,386],"tags":[],"class_list":["post-6500","post","type-post","status-publish","format-standard","hentry","category-editais-e-processos-seletivos","category-mestrado-e-doutorado"],"_links":{"self":[{"href":"https:\/\/ufpr.br\/propg\/wp-json\/wp\/v2\/posts\/6500","targetHints":{"allow":["GET"]}}],"collection":[{"href":"https:\/\/ufpr.br\/propg\/wp-json\/wp\/v2\/posts"}],"about":[{"href":"https:\/\/ufpr.br\/propg\/wp-json\/wp\/v2\/types\/post"}],"author":[{"embeddable":true,"href":"https:\/\/ufpr.br\/propg\/wp-json\/wp\/v2\/users\/18"}],"replies":[{"embeddable":true,"href":"https:\/\/ufpr.br\/propg\/wp-json\/wp\/v2\/comments?post=6500"}],"version-history":[{"count":3,"href":"https:\/\/ufpr.br\/propg\/wp-json\/wp\/v2\/posts\/6500\/revisions"}],"predecessor-version":[{"id":18502,"href":"https:\/\/ufpr.br\/propg\/wp-json\/wp\/v2\/posts\/6500\/revisions\/18502"}],"wp:attachment":[{"href":"https:\/\/ufpr.br\/propg\/wp-json\/wp\/v2\/media?parent=6500"}],"wp:term":[{"taxonomy":"category","embeddable":true,"href":"https:\/\/ufpr.br\/propg\/wp-json\/wp\/v2\/categories?post=6500"},{"taxonomy":"post_tag","embeddable":true,"href":"https:\/\/ufpr.br\/propg\/wp-json\/wp\/v2\/tags?post=6500"}],"curies":[{"name":"wp","href":"https:\/\/api.w.org\/{rel}","templated":true}]}}