{"id":6495,"date":"2018-11-20T10:37:01","date_gmt":"2018-11-20T12:37:01","guid":{"rendered":"https:\/\/ufpr.br\/epdt"},"modified":"2025-12-01T14:36:34","modified_gmt":"2025-12-01T17:36:34","slug":"epdt","status":"publish","type":"post","link":"https:\/\/ufpr.br\/propg\/epdt\/","title":{"rendered":"[Evento] Encontro de Pesquisa e Desenvolvimento Tecnol\u00f3gico"},"content":{"rendered":"\n<p>O 1\u00ba <strong>Encontro de Pesquisa e Desenvolvimento Tecnol\u00f3gico<\/strong> acontecer\u00e1 de <strong>22 a 23 de novembro de 2018<\/strong>, no Setor de Tecnologia da UFPR.<\/p>\n\n\n\n<p>Veja mais informa\u00e7\u00f5es na <a href=\"http:\/\/www.epdt.ufpr.br\" target=\"_blank\" rel=\"noreferrer noopener\">p\u00e1gina do evento<\/a>:\u00a0<a href=\"http:\/\/www.epdt.ufpr.br\" target=\"_blank\" rel=\"noreferrer noopener\">http:\/\/www.epdt.ufpr.br<\/a><\/p>\n","protected":false},"excerpt":{"rendered":"<p>O 1\u00ba Encontro de Pesquisa e Desenvolvimento Tecnol\u00f3gico acontecer\u00e1 de 22 a 23 de novembro de 2018, no Setor de Tecnologia da UFPR. Veja mais informa\u00e7\u00f5es na p\u00e1gina do evento:\u00a0http:\/\/www.epdt.ufpr.br<\/p>\n","protected":false},"author":16,"featured_media":0,"comment_status":"open","ping_status":"open","sticky":false,"template":"","format":"standard","meta":{"footnotes":""},"categories":[386],"tags":[],"class_list":["post-6495","post","type-post","status-publish","format-standard","hentry","category-mestrado-e-doutorado"],"_links":{"self":[{"href":"https:\/\/ufpr.br\/propg\/wp-json\/wp\/v2\/posts\/6495","targetHints":{"allow":["GET"]}}],"collection":[{"href":"https:\/\/ufpr.br\/propg\/wp-json\/wp\/v2\/posts"}],"about":[{"href":"https:\/\/ufpr.br\/propg\/wp-json\/wp\/v2\/types\/post"}],"author":[{"embeddable":true,"href":"https:\/\/ufpr.br\/propg\/wp-json\/wp\/v2\/users\/16"}],"replies":[{"embeddable":true,"href":"https:\/\/ufpr.br\/propg\/wp-json\/wp\/v2\/comments?post=6495"}],"version-history":[{"count":3,"href":"https:\/\/ufpr.br\/propg\/wp-json\/wp\/v2\/posts\/6495\/revisions"}],"predecessor-version":[{"id":18504,"href":"https:\/\/ufpr.br\/propg\/wp-json\/wp\/v2\/posts\/6495\/revisions\/18504"}],"wp:attachment":[{"href":"https:\/\/ufpr.br\/propg\/wp-json\/wp\/v2\/media?parent=6495"}],"wp:term":[{"taxonomy":"category","embeddable":true,"href":"https:\/\/ufpr.br\/propg\/wp-json\/wp\/v2\/categories?post=6495"},{"taxonomy":"post_tag","embeddable":true,"href":"https:\/\/ufpr.br\/propg\/wp-json\/wp\/v2\/tags?post=6495"}],"curies":[{"name":"wp","href":"https:\/\/api.w.org\/{rel}","templated":true}]}}