{"id":6468,"date":"2018-11-23T11:31:15","date_gmt":"2018-11-23T13:31:15","guid":{"rendered":"https:\/\/ufpr.br\/edital-interno-bolsa-pos-doc"},"modified":"2025-12-01T14:36:05","modified_gmt":"2025-12-01T17:36:05","slug":"edital-interno-bolsa-pos-doc","status":"publish","type":"post","link":"https:\/\/ufpr.br\/propg\/edital-interno-bolsa-pos-doc\/","title":{"rendered":"[Edital Interno Bolsa P\u00f3s-Doc]"},"content":{"rendered":"\n<p><strong>Edital Interno Bolsa P\u00f3s-Doc dispon\u00edvel<\/strong> &#8211; <a href=\"https:\/\/ufpr.br\/propg\/wp-content\/uploads\/2025\/08\/edital-interno_bolsa-pos-doc.pdf\" target=\"_blank\" rel=\"noreferrer noopener\">clique aqui<\/a>.<\/p>\n\n\n\n<p>Acesse todas as informa\u00e7\u00f5es no link &#8211;\u00a0<a href=\"https:\/\/ufpr.br\/propg\/editais\/\">https:\/\/ufpr.br\/propg\/editais\/<\/a> .<\/p>\n\n\n\n<p><span style=\"text-decoration: underline;\">ATEN\u00c7\u00c3O<\/span>: N\u00e3o se esque\u00e7a de preencher a planilha de produ\u00e7\u00e3o intelectual do PPG, conforme check-list e orienta\u00e7\u00f5es de preenchimento.<\/p>\n\n\n\n<p><\/p>\n","protected":false},"excerpt":{"rendered":"<p>Edital Interno Bolsa P\u00f3s-Doc dispon\u00edvel &#8211; clique aqui. Acesse todas as informa\u00e7\u00f5es no link &#8211;\u00a0https:\/\/ufpr.br\/propg\/editais\/ . ATEN\u00c7\u00c3O: N\u00e3o se esque\u00e7a de preencher a planilha de produ\u00e7\u00e3o intelectual do PPG, conforme check-list e orienta\u00e7\u00f5es de preenchimento.<\/p>\n","protected":false},"author":16,"featured_media":0,"comment_status":"open","ping_status":"open","sticky":false,"template":"","format":"standard","meta":{"footnotes":""},"categories":[381,386],"tags":[],"class_list":["post-6468","post","type-post","status-publish","format-standard","hentry","category-editais-e-processos-seletivos","category-mestrado-e-doutorado"],"_links":{"self":[{"href":"https:\/\/ufpr.br\/propg\/wp-json\/wp\/v2\/posts\/6468","targetHints":{"allow":["GET"]}}],"collection":[{"href":"https:\/\/ufpr.br\/propg\/wp-json\/wp\/v2\/posts"}],"about":[{"href":"https:\/\/ufpr.br\/propg\/wp-json\/wp\/v2\/types\/post"}],"author":[{"embeddable":true,"href":"https:\/\/ufpr.br\/propg\/wp-json\/wp\/v2\/users\/16"}],"replies":[{"embeddable":true,"href":"https:\/\/ufpr.br\/propg\/wp-json\/wp\/v2\/comments?post=6468"}],"version-history":[{"count":4,"href":"https:\/\/ufpr.br\/propg\/wp-json\/wp\/v2\/posts\/6468\/revisions"}],"predecessor-version":[{"id":18499,"href":"https:\/\/ufpr.br\/propg\/wp-json\/wp\/v2\/posts\/6468\/revisions\/18499"}],"wp:attachment":[{"href":"https:\/\/ufpr.br\/propg\/wp-json\/wp\/v2\/media?parent=6468"}],"wp:term":[{"taxonomy":"category","embeddable":true,"href":"https:\/\/ufpr.br\/propg\/wp-json\/wp\/v2\/categories?post=6468"},{"taxonomy":"post_tag","embeddable":true,"href":"https:\/\/ufpr.br\/propg\/wp-json\/wp\/v2\/tags?post=6468"}],"curies":[{"name":"wp","href":"https:\/\/api.w.org\/{rel}","templated":true}]}}