{"id":6403,"date":"2018-10-24T12:50:16","date_gmt":"2018-10-24T14:50:16","guid":{"rendered":"https:\/\/ufpr.br\/editais-esclarecimento-chamada-fa-capes-13-2018-bolsas-pos-doc"},"modified":"2025-12-01T14:33:03","modified_gmt":"2025-12-01T17:33:03","slug":"editais-esclarecimento-chamada-fa-capes-13-2018-bolsas-pos-doc","status":"publish","type":"post","link":"https:\/\/ufpr.br\/propg\/editais-esclarecimento-chamada-fa-capes-13-2018-bolsas-pos-doc\/","title":{"rendered":"[Editais] Esclarecimento Chamada FA\/CAPES 13\/2018 &#8211; Bolsas p\u00f3s-doc"},"content":{"rendered":"\n<p><span style=\"color: #000000;\"><span style=\"font-family: helvetica, arial, sans-serif; font-size: 12pt;\"><strong>Esclarecimento sobre a&nbsp;<\/strong><\/span><strong style=\"font-family: helvetica, arial, sans-serif; font-size: 12pt;\">Chamada 13\/2018<\/strong><span style=\"font-family: helvetica, arial, sans-serif; font-size: 12pt;\"> &#8211; Funda\u00e7\u00e3o Arauc\u00e1ria\/Capes: Bolsas P\u00f3s Doutorado<\/span><\/span><\/p>\n\n\n\n<p><span style=\"color: #000000;\">Reiterando as informa\u00e7\u00f5es amplamente divulgadas, ressaltamos (novamente) que, conforme o Edital da Funda\u00e7\u00e3o Arauc\u00e1ria,&nbsp; somente a PRPPG poder\u00e1 fazer propostas na Modalidade B:<\/span><\/p>\n\n\n\n<p>&nbsp;<\/p>\n\n\n\n<blockquote class=\"wp-block-quote is-layout-flow wp-block-quote-is-layout-flow\">\n<p><span style=\"font-size: 12pt; font-family: georgia, palatino, serif; color: #000000;\">A&nbsp;<strong>Modalidade A<\/strong>&nbsp;<strong>\u00e9 destinada para docentes e pesquisadores integrantes do quadro ativo\/funcional da UFPR<\/strong>que estejam ou n\u00e3o vinculados a Programas de Doutorado em funcionamento na UFPR. Esclarecemos que o desenvolvimento da atividade acad\u00eamica&nbsp;<strong>n\u00e3o poder\u00e1 ser conduzida no \u00e2mbito da UFPR<\/strong>&nbsp;e por este motivo o interessado dever\u00e1 obter autoriza\u00e7\u00e3o institucional para afastamento para qualifica\u00e7\u00e3o profissional conforme previsto em legisla\u00e7\u00e3o espec\u00edfica. A candidatura dos interessados nesta modalidade&nbsp;<strong>ser\u00e1 conduzida pelo pr\u00f3prio interessado<\/strong>&nbsp;e \u00e9 entendida por esta Pr\u00f3-Reitoria como candidatura individual.<\/span><\/p>\n\n\n\n<p>&nbsp;<\/p>\n\n\n\n<p><span style=\"font-size: 12pt; font-family: georgia, palatino, serif; color: #000000;\">A&nbsp;<strong>Modalidade B \u00e9 destinada para docentes e pesquisadores&nbsp; que n\u00e3o fazem parte dos quadro ativo\/funcional da UFPR<\/strong>&nbsp;e que v\u00e3o desenvolver as atividades de pesquisa junto aos Programas de Doutorado ofertados na UFPR.&nbsp; Esclarecemos que estes docentes e pesquisadores&nbsp;<strong>devem ter t\u00edtulo de doutor e n\u00e3o possuir v\u00ednculo empregat\u00edcio<\/strong>. A candidatura para esta modalidade ser\u00e1&nbsp;<strong>institucional<\/strong>&nbsp;e a PRPPG ser\u00e1 a respons\u00e1vel por tal candidatura junto a Funda\u00e7\u00e3o Arauc\u00e1ria.<span style=\"color: #ff0000;\">&nbsp;<strong>Por este motivo n\u00e3o ser\u00e1 permitida a submiss\u00e3o de candidatura nesta modalidade que n\u00e3o seja originada nesta Pr\u00f3-Reitoria<\/strong>.<\/span><\/span><\/p>\n\n\n\n<p>&nbsp;<\/p>\n<\/blockquote>\n\n\n\n<p><span style=\"font-size: 12pt; font-family: georgia, palatino, serif; background-color: #ffff99;\"><strong><span style=\"color: #000000;\">*ATEN\u00c7\u00c3O: A CANDIDATURA PARA MODALIDADE<\/span> <span style=\"color: #000000;\">B<\/span> <span style=\"text-decoration: underline; color: #ff0000;\">SOMENTE PODE SER FEITA PELA PRPPG*<\/span><\/strong><\/span><\/p>\n\n\n\n<p>&nbsp;<\/p>\n\n\n\n<p><span style=\"font-family: helvetica, arial, sans-serif; font-size: 12pt;\">Acesse <a href=\"http:\/\/www.fappr.pr.gov.br\/modules\/conteudo\/conteudo.php?conteudo=11\" target=\"_blank\" rel=\"noreferrer noopener\">aqui<\/a> o Edital. Informa\u00e7\u00e3o geral consulte <a href=\"https:\/\/ufpr.br\/propg\/wp-content\/uploads\/2025\/10\/memorando-circular_edital-fa_capes.pdf\" target=\"_blank\" rel=\"noreferrer noopener\">Memorando Circular UBA n.\u00ba 1\/2018<\/a><\/span><\/p>\n\n\n\n<p><span style=\"font-family: helvetica, arial, sans-serif;\"><a href=\"https:\/\/ufpr.br\/propg\/wp-content\/uploads\/2025\/10\/esclarecimento-dvidas_cp-132018_fa-capes.pdf\" target=\"_blank\" rel=\"noreferrer noopener\"><span style=\"font-size: 12pt;\">Esclarecimento d\u00favidas CP 13\/2018 FA Capes<\/span><\/a><\/span><\/p>\n\n\n\n<p>&nbsp;<\/p>\n","protected":false},"excerpt":{"rendered":"<p>Esclarecimento sobre a&nbsp;Chamada 13\/2018 &#8211; Funda\u00e7\u00e3o Arauc\u00e1ria\/Capes: Bolsas P\u00f3s Doutorado Reiterando as informa\u00e7\u00f5es amplamente divulgadas, ressaltamos (novamente) que, conforme o Edital da Funda\u00e7\u00e3o Arauc\u00e1ria,&nbsp; somente a PRPPG poder\u00e1 fazer propostas na Modalidade B: &nbsp; A&nbsp;Modalidade A&nbsp;\u00e9 destinada para docentes e pesquisadores integrantes do quadro ativo\/funcional da UFPRque estejam ou n\u00e3o vinculados a Programas de Doutorado [&hellip;]<\/p>\n","protected":false},"author":16,"featured_media":0,"comment_status":"open","ping_status":"open","sticky":false,"template":"","format":"standard","meta":{"footnotes":""},"categories":[381,386],"tags":[],"class_list":["post-6403","post","type-post","status-publish","format-standard","hentry","category-editais-e-processos-seletivos","category-mestrado-e-doutorado"],"_links":{"self":[{"href":"https:\/\/ufpr.br\/propg\/wp-json\/wp\/v2\/posts\/6403","targetHints":{"allow":["GET"]}}],"collection":[{"href":"https:\/\/ufpr.br\/propg\/wp-json\/wp\/v2\/posts"}],"about":[{"href":"https:\/\/ufpr.br\/propg\/wp-json\/wp\/v2\/types\/post"}],"author":[{"embeddable":true,"href":"https:\/\/ufpr.br\/propg\/wp-json\/wp\/v2\/users\/16"}],"replies":[{"embeddable":true,"href":"https:\/\/ufpr.br\/propg\/wp-json\/wp\/v2\/comments?post=6403"}],"version-history":[{"count":5,"href":"https:\/\/ufpr.br\/propg\/wp-json\/wp\/v2\/posts\/6403\/revisions"}],"predecessor-version":[{"id":18481,"href":"https:\/\/ufpr.br\/propg\/wp-json\/wp\/v2\/posts\/6403\/revisions\/18481"}],"wp:attachment":[{"href":"https:\/\/ufpr.br\/propg\/wp-json\/wp\/v2\/media?parent=6403"}],"wp:term":[{"taxonomy":"category","embeddable":true,"href":"https:\/\/ufpr.br\/propg\/wp-json\/wp\/v2\/categories?post=6403"},{"taxonomy":"post_tag","embeddable":true,"href":"https:\/\/ufpr.br\/propg\/wp-json\/wp\/v2\/tags?post=6403"}],"curies":[{"name":"wp","href":"https:\/\/api.w.org\/{rel}","templated":true}]}}