{"id":6392,"date":"2019-02-06T10:12:46","date_gmt":"2019-02-06T12:12:46","guid":{"rendered":"https:\/\/ufpr.br\/capes-calendario-de-atividades-da-diretoria-de-avaliacao-para-o-ano-de-2019"},"modified":"2025-12-01T14:48:25","modified_gmt":"2025-12-01T17:48:25","slug":"capes-calendario-de-atividades-da-diretoria-de-avaliacao-para-o-ano-de-2019","status":"publish","type":"post","link":"https:\/\/ufpr.br\/propg\/capes-calendario-de-atividades-da-diretoria-de-avaliacao-para-o-ano-de-2019\/","title":{"rendered":"[Aten\u00e7\u00e3o] CAPES altera Calend\u00e1rio da Diretoria de Avalia\u00e7\u00e3o para 2019"},"content":{"rendered":"\n<p>A Capes alterou o calend\u00e1rio de atividades da&nbsp;Diretoria de Avalia\u00e7\u00e3o para o ano de 2019, atrav\u00e9s da Portaria 250\/2018.<\/p>\n\n\n\n<p>\u00c9 de suma import\u00e2ncia que os programas de p\u00f3s-gradua\u00e7\u00e3o Stricto Sensu atentem-se aos prazos definidos pela ag\u00eancia.<\/p>\n\n\n\n<div style=\"height:25px\" aria-hidden=\"true\" class=\"wp-block-spacer\"><\/div>\n\n\n\n<figure class=\"wp-block-table\"><table class=\"has-fixed-layout\"><thead><tr><th><strong>Atividade<\/strong><\/th><th><strong>Data<\/strong><\/th><\/tr><\/thead><tbody><tr><td colspan=\"2\"><strong>Prazo Final do COLETA \u2013 ano base 2018<\/strong><\/td><\/tr><tr><td><br><strong>Envio dos dados pelo coordenador de programa<\/strong><br>\ufeff<\/td><td><strong>&nbsp;<\/strong><strong>08 de mar\u00e7o<\/strong><\/td><\/tr><tr><td><br><strong>Chancela pela Pr\u00f3-reitoria<\/strong><br>\ufeff<\/td><td><strong>&nbsp;15 de mar\u00e7o<\/strong><\/td><\/tr><tr><td><strong>Submiss\u00e3o de Propostas de cursos novos (APCN)<\/strong><\/td><td><strong>&nbsp;13 de maio a 28 de junho<\/strong><\/td><\/tr><tr><td><strong>Semin\u00e1rio de Meio Termo<\/strong><\/td><td><strong>&nbsp;12 de agosto a 06 de setembro<\/strong><\/td><\/tr><tr><td><strong>Mudan\u00e7a de \u00c1rea B\u00e1sica\/\u00c1rea de Avalia\u00e7\u00e3o\/Modalidade<\/strong><\/td><td><strong>&nbsp;02 a 27 de setembro<\/strong><\/td><\/tr><\/tbody><\/table><\/figure>\n\n\n\n<div style=\"height:25px\" aria-hidden=\"true\" class=\"wp-block-spacer\"><\/div>\n\n\n\n<p>Informa\u00e7\u00f5es sobre prazos e procedimentos internos da Coordenadoria Geral dos Programas Stricto Sensu (CPGSS) em rela\u00e7\u00e3o ao calend\u00e1rio da Capes ser\u00e3o divulgadas oportunamente.<\/p>\n\n\n\n<p>\u00a0Not\u00edcia na Capes:\u00a0<a href=\"http:\/\/www.capes.gov.br\/avaliacao\/sobre-a-avaliacao\/calendario-2019\">http:\/\/www.capes.gov.br\/avaliacao\/sobre-a-avaliacao\/calendario-2019<\/a><\/p>\n","protected":false},"excerpt":{"rendered":"<p>A Capes alterou o calend\u00e1rio de atividades da&nbsp;Diretoria de Avalia\u00e7\u00e3o para o ano de 2019, atrav\u00e9s da Portaria 250\/2018. \u00c9 de suma import\u00e2ncia que os programas de p\u00f3s-gradua\u00e7\u00e3o Stricto Sensu atentem-se aos prazos definidos pela ag\u00eancia. Atividade Data Prazo Final do COLETA \u2013 ano base 2018 Envio dos dados pelo coordenador de programa\ufeff &nbsp;08 de [&hellip;]<\/p>\n","protected":false},"author":18,"featured_media":0,"comment_status":"open","ping_status":"open","sticky":false,"template":"","format":"standard","meta":{"footnotes":""},"categories":[386],"tags":[],"class_list":["post-6392","post","type-post","status-publish","format-standard","hentry","category-mestrado-e-doutorado"],"_links":{"self":[{"href":"https:\/\/ufpr.br\/propg\/wp-json\/wp\/v2\/posts\/6392","targetHints":{"allow":["GET"]}}],"collection":[{"href":"https:\/\/ufpr.br\/propg\/wp-json\/wp\/v2\/posts"}],"about":[{"href":"https:\/\/ufpr.br\/propg\/wp-json\/wp\/v2\/types\/post"}],"author":[{"embeddable":true,"href":"https:\/\/ufpr.br\/propg\/wp-json\/wp\/v2\/users\/18"}],"replies":[{"embeddable":true,"href":"https:\/\/ufpr.br\/propg\/wp-json\/wp\/v2\/comments?post=6392"}],"version-history":[{"count":6,"href":"https:\/\/ufpr.br\/propg\/wp-json\/wp\/v2\/posts\/6392\/revisions"}],"predecessor-version":[{"id":18557,"href":"https:\/\/ufpr.br\/propg\/wp-json\/wp\/v2\/posts\/6392\/revisions\/18557"}],"wp:attachment":[{"href":"https:\/\/ufpr.br\/propg\/wp-json\/wp\/v2\/media?parent=6392"}],"wp:term":[{"taxonomy":"category","embeddable":true,"href":"https:\/\/ufpr.br\/propg\/wp-json\/wp\/v2\/categories?post=6392"},{"taxonomy":"post_tag","embeddable":true,"href":"https:\/\/ufpr.br\/propg\/wp-json\/wp\/v2\/tags?post=6392"}],"curies":[{"name":"wp","href":"https:\/\/api.w.org\/{rel}","templated":true}]}}