{"id":6353,"date":"2018-10-11T07:35:55","date_gmt":"2018-10-11T10:35:55","guid":{"rendered":"https:\/\/ufpr.br\/editais-processo-seletivo-para-doutorado-em-direito-2018-2019"},"modified":"2025-12-01T14:34:55","modified_gmt":"2025-12-01T17:34:55","slug":"editais-processo-seletivo-para-doutorado-em-direito-2018-2019","status":"publish","type":"post","link":"https:\/\/ufpr.br\/propg\/editais-processo-seletivo-para-doutorado-em-direito-2018-2019\/","title":{"rendered":"[Processo Seletivo] Doutorado em Direito 2018-2019"},"content":{"rendered":"\n<p>Est\u00e3o abertas as inscri\u00e7\u00f5es no Processo Seletivo Doutorado em Direito 2018-2019<\/p>\n\n\n\n<p>Inscri\u00e7\u00f5es abertas de 05.10.2018 a 16.10.2018<\/p>\n\n\n\n<p>Edital e Informa\u00e7\u00f5es em:\u00a0<a href=\"http:\/\/www.ppgd.ufpr.br\/?p=4289\" target=\"_blank\" rel=\"noreferrer noopener\">http:\/\/www.ppgd.ufpr.br\/?p=4289<\/a><\/p>\n\n\n\n<p><\/p>\n","protected":false},"excerpt":{"rendered":"<p>Est\u00e3o abertas as inscri\u00e7\u00f5es no Processo Seletivo Doutorado em Direito 2018-2019 Inscri\u00e7\u00f5es abertas de 05.10.2018 a 16.10.2018 Edital e Informa\u00e7\u00f5es em:\u00a0http:\/\/www.ppgd.ufpr.br\/?p=4289<\/p>\n","protected":false},"author":18,"featured_media":0,"comment_status":"open","ping_status":"open","sticky":false,"template":"","format":"standard","meta":{"footnotes":""},"categories":[381,386],"tags":[],"class_list":["post-6353","post","type-post","status-publish","format-standard","hentry","category-editais-e-processos-seletivos","category-mestrado-e-doutorado"],"_links":{"self":[{"href":"https:\/\/ufpr.br\/propg\/wp-json\/wp\/v2\/posts\/6353","targetHints":{"allow":["GET"]}}],"collection":[{"href":"https:\/\/ufpr.br\/propg\/wp-json\/wp\/v2\/posts"}],"about":[{"href":"https:\/\/ufpr.br\/propg\/wp-json\/wp\/v2\/types\/post"}],"author":[{"embeddable":true,"href":"https:\/\/ufpr.br\/propg\/wp-json\/wp\/v2\/users\/18"}],"replies":[{"embeddable":true,"href":"https:\/\/ufpr.br\/propg\/wp-json\/wp\/v2\/comments?post=6353"}],"version-history":[{"count":4,"href":"https:\/\/ufpr.br\/propg\/wp-json\/wp\/v2\/posts\/6353\/revisions"}],"predecessor-version":[{"id":18496,"href":"https:\/\/ufpr.br\/propg\/wp-json\/wp\/v2\/posts\/6353\/revisions\/18496"}],"wp:attachment":[{"href":"https:\/\/ufpr.br\/propg\/wp-json\/wp\/v2\/media?parent=6353"}],"wp:term":[{"taxonomy":"category","embeddable":true,"href":"https:\/\/ufpr.br\/propg\/wp-json\/wp\/v2\/categories?post=6353"},{"taxonomy":"post_tag","embeddable":true,"href":"https:\/\/ufpr.br\/propg\/wp-json\/wp\/v2\/tags?post=6353"}],"curies":[{"name":"wp","href":"https:\/\/api.w.org\/{rel}","templated":true}]}}