{"id":6302,"date":"2018-10-22T07:36:21","date_gmt":"2018-10-22T09:36:21","guid":{"rendered":"https:\/\/ufpr.br\/editais-chamada-para-selecao-de-coordenador-de-polo-de-curso-de-pos-graduacao-lato-sensu"},"modified":"2025-12-02T11:25:11","modified_gmt":"2025-12-02T14:25:11","slug":"editais-chamada-para-selecao-de-coordenador-de-polo-de-curso-de-pos-graduacao-lato-sensu","status":"publish","type":"post","link":"https:\/\/ufpr.br\/propg\/editais-chamada-para-selecao-de-coordenador-de-polo-de-curso-de-pos-graduacao-lato-sensu\/","title":{"rendered":"[EDITAIS] Chamada para sele\u00e7\u00e3o de Coordenador e Professor mediador presencial de polo de curso de p\u00f3s-gradua\u00e7\u00e3o lato sensu"},"content":{"rendered":"\n<p><span style=\"color: #000000;\">Chamada para sele\u00e7\u00e3o de Coordenador de Polo e Professor mediador presencial do curso de p\u00f3s gradua\u00e7\u00e3o lato sensu em Did\u00e1tica e em gest\u00e3o da educa\u00e7\u00e3o profissional integrada \u00e0 educa\u00e7\u00e3o de jovens e adultos na modalidade a dist\u00e2ncia (PROEJA).<\/span><\/p>\n\n\n\n<p>&nbsp;<\/p>\n\n\n\n<p><span style=\"background-color: #ffff00;\"><strong>Homologa\u00e7\u00e3o das inscri\u00e7\u00f5es:<\/strong><\/span><\/p>\n\n\n\n<p><a href=\"https:\/\/ufpr.br\/propg\/wp-content\/uploads\/2025\/10\/homologao-das-inscries-para-coordenador-de-polo.pdf\" target=\"_blank\" rel=\"noreferrer noopener\">Homologa\u00e7\u00e3o das Inscri\u00e7\u00f5es para Coordenador de Polo<\/a><\/p>\n\n\n\n<p><a href=\"https:\/\/ufpr.br\/propg\/wp-content\/uploads\/2025\/10\/homologao-das-inscries-para-professor-mediador.pdf\" target=\"_blank\" rel=\"noreferrer noopener\">Homologa\u00e7\u00e3o das inscri\u00e7\u00f5es para Professor Mediador<\/a><\/p>\n\n\n\n<p>&nbsp;<\/p>\n\n\n\n<p>Acesse os Editais abaixo:<\/p>\n\n\n\n<p>Coordenador de polo: <a href=\"https:\/\/ufpr.br\/propg\/wp-content\/uploads\/2025\/10\/edital-01.pdf\" target=\"_blank\" rel=\"noreferrer noopener\">EDITAL 01\/2018 PRPPG\/CPGLS<\/a><\/p>\n\n\n\n<p><strong>Para fazer sua inscri\u00e7\u00e3o, clique aqui<\/strong>: <a href=\"https:\/\/docs.google.com\/forms\/d\/e\/1FAIpQLScPdQ23ODyO1NlcOTk0PL1ZP_PB3H_NbfeujJ_b81wdTjoDYw\/viewform\" target=\"_blank\" rel=\"noreferrer noopener\">https:\/\/goo.gl\/forms\/32xgurm9iMqKCCLw2<\/a><\/p>\n\n\n\n<p>Professor mediador presencial:\u00a0<a href=\"https:\/\/ufpr.br\/propg\/wp-content\/uploads\/2025\/10\/edital002.pdf\" target=\"_blank\" rel=\"noreferrer noopener\">EDITAL 02\/2018 PRPPG\/CPGLS<\/a><\/p>\n\n\n\n<p><strong>Para fazer sua inscri\u00e7\u00e3o, clique aqui<\/strong>: <a href=\"https:\/\/docs.google.com\/forms\/d\/e\/1FAIpQLScDboEDcAI3IbE_vYAJ96JCwqzMZO5TkUplHiWtSN4Fbv4Rdw\/viewform\" target=\"_blank\" rel=\"noreferrer noopener\">https:\/\/goo.gl\/forms\/i5sJXQr8Pv9UeqEC2<\/a><\/p>\n\n\n\n<p>Inscri\u00e7\u00f5es de 08 a 11 de outubro de 2018, exclusivamente via internet.<\/p>\n","protected":false},"excerpt":{"rendered":"<p>Chamada para sele\u00e7\u00e3o de Coordenador de Polo e Professor mediador presencial do curso de p\u00f3s gradua\u00e7\u00e3o lato sensu em Did\u00e1tica e em gest\u00e3o da educa\u00e7\u00e3o profissional integrada \u00e0 educa\u00e7\u00e3o de jovens e adultos na modalidade a dist\u00e2ncia (PROEJA). &nbsp; Homologa\u00e7\u00e3o das inscri\u00e7\u00f5es: Homologa\u00e7\u00e3o das Inscri\u00e7\u00f5es para Coordenador de Polo Homologa\u00e7\u00e3o das inscri\u00e7\u00f5es para Professor Mediador [&hellip;]<\/p>\n","protected":false},"author":18,"featured_media":0,"comment_status":"open","ping_status":"open","sticky":false,"template":"","format":"standard","meta":{"footnotes":""},"categories":[381,382],"tags":[],"class_list":["post-6302","post","type-post","status-publish","format-standard","hentry","category-editais-e-processos-seletivos","category-especializacao-e-residencia"],"_links":{"self":[{"href":"https:\/\/ufpr.br\/propg\/wp-json\/wp\/v2\/posts\/6302","targetHints":{"allow":["GET"]}}],"collection":[{"href":"https:\/\/ufpr.br\/propg\/wp-json\/wp\/v2\/posts"}],"about":[{"href":"https:\/\/ufpr.br\/propg\/wp-json\/wp\/v2\/types\/post"}],"author":[{"embeddable":true,"href":"https:\/\/ufpr.br\/propg\/wp-json\/wp\/v2\/users\/18"}],"replies":[{"embeddable":true,"href":"https:\/\/ufpr.br\/propg\/wp-json\/wp\/v2\/comments?post=6302"}],"version-history":[{"count":7,"href":"https:\/\/ufpr.br\/propg\/wp-json\/wp\/v2\/posts\/6302\/revisions"}],"predecessor-version":[{"id":18485,"href":"https:\/\/ufpr.br\/propg\/wp-json\/wp\/v2\/posts\/6302\/revisions\/18485"}],"wp:attachment":[{"href":"https:\/\/ufpr.br\/propg\/wp-json\/wp\/v2\/media?parent=6302"}],"wp:term":[{"taxonomy":"category","embeddable":true,"href":"https:\/\/ufpr.br\/propg\/wp-json\/wp\/v2\/categories?post=6302"},{"taxonomy":"post_tag","embeddable":true,"href":"https:\/\/ufpr.br\/propg\/wp-json\/wp\/v2\/tags?post=6302"}],"curies":[{"name":"wp","href":"https:\/\/api.w.org\/{rel}","templated":true}]}}