{"id":6248,"date":"2018-09-14T09:37:06","date_gmt":"2018-09-14T12:37:06","guid":{"rendered":"https:\/\/ufpr.br\/suficiencia-2018-2"},"modified":"2025-12-01T10:00:45","modified_gmt":"2025-12-01T13:00:45","slug":"suficiencia-2018-2","status":"publish","type":"post","link":"https:\/\/ufpr.br\/propg\/suficiencia-2018-2\/","title":{"rendered":"[Teste de Sufici\u00eancia] L\u00edngua Estrangeira Moderna (2\u00b0semestre\/2018)"},"content":{"rendered":"\n<p><span style=\"color: #000000;\">Est\u00e3o abertas as inscri\u00e7\u00f5es para o<\/span> <a href=\"http:\/\/portal.nc.ufpr.br\/PortalNC\/Concurso?concurso=LEM2018-1\" target=\"_blank\" rel=\"noreferrer noopener\"><strong>Teste de Sufici\u00eancia em L\u00edngua Estrangeira Moderna<\/strong><\/a> <span style=\"color: #000000;\">(2\u00b0 semestre de 2018) para os alunos regulares e interessados em ingressar nos programas de p\u00f3s-gradua\u00e7\u00e3o stricto sensu da UFPR.<\/span><\/p>\n\n\n\n<p>&nbsp;<\/p>\n\n\n\n<p><a href=\"http:\/\/portal.nc.ufpr.br\/PortalNC\/Concurso?concurso=LEM2018-1\" target=\"_blank\" rel=\"noreferrer noopener\">NC-UFPR Edital n\u00b0 44\/2018<\/a><\/p>\n\n\n\n<p><span style=\"color: #000000;\"><strong>Inscri\u00e7\u00f5es: 14 a 24.09.2018<\/strong><\/span><br><span style=\"color: #000000;\">Provas: 12.10.2018<\/span><br><span style=\"color: #000000;\">Resultado: 24.10.2018<\/span><\/p>\n\n\n\n<p>&nbsp;<\/p>\n\n\n\n<p>Acesse o edital no site do N\u00facleo de Concursos:<\/p>\n\n\n<div class=\"wp-block-image\">\n<figure class=\"alignleft\"><a href=\"http:\/\/portal.nc.ufpr.br\/PortalNC\/Concurso?concurso=LEM2018-1\" target=\"_blank\" rel=\"noopener\"><img decoding=\"async\" src=\"https:\/\/www.prppg.ufpr.br\/site\/wp-content\/uploads\/2018\/09\/suficiencia.gif\" alt=\"\" class=\"wp-image-9222\"\/><\/a><\/figure><\/div>\n\n\n<p><\/p>\n","protected":false},"excerpt":{"rendered":"<p>Est\u00e3o abertas as inscri\u00e7\u00f5es para o Teste de Sufici\u00eancia em L\u00edngua Estrangeira Moderna (2\u00b0 semestre de 2018) para os alunos regulares e interessados em ingressar nos programas de p\u00f3s-gradua\u00e7\u00e3o stricto sensu da UFPR. &nbsp; NC-UFPR Edital n\u00b0 44\/2018 Inscri\u00e7\u00f5es: 14 a 24.09.2018Provas: 12.10.2018Resultado: 24.10.2018 &nbsp; Acesse o edital no site do N\u00facleo de Concursos:<\/p>\n","protected":false},"author":16,"featured_media":0,"comment_status":"open","ping_status":"open","sticky":false,"template":"","format":"standard","meta":{"footnotes":""},"categories":[386],"tags":[],"class_list":["post-6248","post","type-post","status-publish","format-standard","hentry","category-mestrado-e-doutorado"],"_links":{"self":[{"href":"https:\/\/ufpr.br\/propg\/wp-json\/wp\/v2\/posts\/6248","targetHints":{"allow":["GET"]}}],"collection":[{"href":"https:\/\/ufpr.br\/propg\/wp-json\/wp\/v2\/posts"}],"about":[{"href":"https:\/\/ufpr.br\/propg\/wp-json\/wp\/v2\/types\/post"}],"author":[{"embeddable":true,"href":"https:\/\/ufpr.br\/propg\/wp-json\/wp\/v2\/users\/16"}],"replies":[{"embeddable":true,"href":"https:\/\/ufpr.br\/propg\/wp-json\/wp\/v2\/comments?post=6248"}],"version-history":[{"count":3,"href":"https:\/\/ufpr.br\/propg\/wp-json\/wp\/v2\/posts\/6248\/revisions"}],"predecessor-version":[{"id":18458,"href":"https:\/\/ufpr.br\/propg\/wp-json\/wp\/v2\/posts\/6248\/revisions\/18458"}],"wp:attachment":[{"href":"https:\/\/ufpr.br\/propg\/wp-json\/wp\/v2\/media?parent=6248"}],"wp:term":[{"taxonomy":"category","embeddable":true,"href":"https:\/\/ufpr.br\/propg\/wp-json\/wp\/v2\/categories?post=6248"},{"taxonomy":"post_tag","embeddable":true,"href":"https:\/\/ufpr.br\/propg\/wp-json\/wp\/v2\/tags?post=6248"}],"curies":[{"name":"wp","href":"https:\/\/api.w.org\/{rel}","templated":true}]}}